{"id":16149,"date":"2021-06-01T10:44:20","date_gmt":"2021-06-01T13:44:20","guid":{"rendered":"https:\/\/sindsaudeba.org.br\/portal\/?p=16149"},"modified":"2021-06-01T10:48:18","modified_gmt":"2021-06-01T13:48:18","slug":"audiencia-publica-debate-o-tema-o-trabalho-da-enfermagem-no-contexto-de-crise","status":"publish","type":"post","link":"https:\/\/sindsaudeba.org.br\/portal\/blog\/audiencia-publica-debate-o-tema-o-trabalho-da-enfermagem-no-contexto-de-crise\/","title":{"rendered":"Audi\u00eancia P\u00fablica debate o tema: &#8220;O Trabalho da Enfermagem no Contexto de Crise&#8221;"},"content":{"rendered":"<p><img loading=\"lazy\" class=\"size-medium wp-image-16151 alignleft\" src=\"https:\/\/sindsaudeba.org.br\/portal\/wp-content\/uploads\/2021\/06\/WhatsApp-Image-2021-05-31-at-21.53.08-300x300.jpeg\" alt=\"\" width=\"300\" height=\"300\" srcset=\"https:\/\/sindsaudeba.org.br\/portal\/wp-content\/uploads\/2021\/06\/WhatsApp-Image-2021-05-31-at-21.53.08-300x300.jpeg 300w, https:\/\/sindsaudeba.org.br\/portal\/wp-content\/uploads\/2021\/06\/WhatsApp-Image-2021-05-31-at-21.53.08-1024x1024.jpeg 1024w, https:\/\/sindsaudeba.org.br\/portal\/wp-content\/uploads\/2021\/06\/WhatsApp-Image-2021-05-31-at-21.53.08-150x150.jpeg 150w, https:\/\/sindsaudeba.org.br\/portal\/wp-content\/uploads\/2021\/06\/WhatsApp-Image-2021-05-31-at-21.53.08-768x768.jpeg 768w, https:\/\/sindsaudeba.org.br\/portal\/wp-content\/uploads\/2021\/06\/WhatsApp-Image-2021-05-31-at-21.53.08-570x570.jpeg 570w, https:\/\/sindsaudeba.org.br\/portal\/wp-content\/uploads\/2021\/06\/WhatsApp-Image-2021-05-31-at-21.53.08-500x500.jpeg 500w, https:\/\/sindsaudeba.org.br\/portal\/wp-content\/uploads\/2021\/06\/WhatsApp-Image-2021-05-31-at-21.53.08-1000x1000.jpeg 1000w, https:\/\/sindsaudeba.org.br\/portal\/wp-content\/uploads\/2021\/06\/WhatsApp-Image-2021-05-31-at-21.53.08-700x700.jpeg 700w, https:\/\/sindsaudeba.org.br\/portal\/wp-content\/uploads\/2021\/06\/WhatsApp-Image-2021-05-31-at-21.53.08.jpeg 1280w\" sizes=\"(max-width: 300px) 100vw, 300px\" \/>Na manh\u00e3 de ontem (31\/05) a Conselheira do Sindsa\u00fade-BA, Ana Carina Dunham, representou a entidade na Audi\u00eancia P\u00fablica na Assembl\u00e9ia Legislativa da Bahia, realizada por iniciativa do Deputado estadual Hilton Coelho e de forma virtual, a audi\u00eancia teve como tema: &#8220;O Trabalho da Enfermagem no Contexto de Crise&#8221;, a Conselheira abordou em sua fala sobre as condi\u00e7\u00f5es de trabalho prec\u00e1rias, a falta de um piso salarial, de jornada dignas de trabalho, o adoecimento que os profissionais s\u00e3o submetidos no campo de trabalho, a retirada de direitos e a possibilidade de aprova\u00e7\u00e3o PEC 32.<\/p>\n<p>A Conselheira abordou ainda a necessidade de nesse momento de crise reconhecer e valorizar os\/as profissionais de enfermagem que sempre estiveram na linha de frente e a import\u00e2ncia dos parlamentares reconhecerem o valor desse trabalho.<\/p>\n<p>Participou tamb\u00e9m da audi\u00eancia a Diretora de Comunica\u00e7\u00e3o do Sindsa\u00fade-BA, Dart Clair Cerqueira, que contribuiu de forma significativa na sua fala com a experi\u00eancia como T\u00e9cnica de Enfermagem enquanto servidora p\u00fablica e abordou sobre a sobrecarga que enfrentam os\/as profissionais de enfermagem nos ambientes de trabalho, sobre a terceiriza\u00e7\u00e3o nas unidades de sa\u00fade p\u00fablicas da Bahia e como esses\/as trabalhadores\/as tamb\u00e9m sofrem com v\u00ednculos inst\u00e1veis, atrasos salariais e ainda a extin\u00e7\u00e3o do servi\u00e7o p\u00fablico no estado, a mesma deixou como encaminhamentos na audi\u00eancia que os\/as parlamentares prezem por v\u00ednculos seguros e lutem por concursos p\u00fablicos, que as gestantes tenham direito ao afastamento do campo de trabalho j\u00e1 garantido em lei e que n\u00e3o vem sendo cumprido no Estado, que os\/as servidores\/as tenham direito a extens\u00e3o de carga hor\u00e1ria que h\u00e1 anos v\u00eam sendo solicitados e negados pela Sesab.<\/p>\n<p><img loading=\"lazy\" class=\"size-medium wp-image-16150 alignleft\" src=\"https:\/\/sindsaudeba.org.br\/portal\/wp-content\/uploads\/2021\/06\/WhatsApp-Image-2021-05-31-at-21.53.08-1-300x300.jpeg\" alt=\"\" width=\"300\" height=\"300\" srcset=\"https:\/\/sindsaudeba.org.br\/portal\/wp-content\/uploads\/2021\/06\/WhatsApp-Image-2021-05-31-at-21.53.08-1-300x300.jpeg 300w, https:\/\/sindsaudeba.org.br\/portal\/wp-content\/uploads\/2021\/06\/WhatsApp-Image-2021-05-31-at-21.53.08-1-1024x1024.jpeg 1024w, https:\/\/sindsaudeba.org.br\/portal\/wp-content\/uploads\/2021\/06\/WhatsApp-Image-2021-05-31-at-21.53.08-1-150x150.jpeg 150w, https:\/\/sindsaudeba.org.br\/portal\/wp-content\/uploads\/2021\/06\/WhatsApp-Image-2021-05-31-at-21.53.08-1-768x768.jpeg 768w, https:\/\/sindsaudeba.org.br\/portal\/wp-content\/uploads\/2021\/06\/WhatsApp-Image-2021-05-31-at-21.53.08-1-570x570.jpeg 570w, https:\/\/sindsaudeba.org.br\/portal\/wp-content\/uploads\/2021\/06\/WhatsApp-Image-2021-05-31-at-21.53.08-1-500x500.jpeg 500w, https:\/\/sindsaudeba.org.br\/portal\/wp-content\/uploads\/2021\/06\/WhatsApp-Image-2021-05-31-at-21.53.08-1-1000x1000.jpeg 1000w, https:\/\/sindsaudeba.org.br\/portal\/wp-content\/uploads\/2021\/06\/WhatsApp-Image-2021-05-31-at-21.53.08-1-700x700.jpeg 700w, https:\/\/sindsaudeba.org.br\/portal\/wp-content\/uploads\/2021\/06\/WhatsApp-Image-2021-05-31-at-21.53.08-1.jpeg 1280w\" sizes=\"(max-width: 300px) 100vw, 300px\" \/><\/p>\n<p>Tamb\u00e9m participaram da audi\u00eancia p\u00fablica outras entidades representativas da classe, a Ex. vereadora de Ssa Aladilce Souza, as Deputadas Estaduais Olivia Santana e F\u00e1tima Nunes.<\/p>\n","protected":false},"excerpt":{"rendered":"<p>Na manh\u00e3 de ontem (31\/05) a Conselheira do Sindsa\u00fade-BA, Ana Carina Dunham, representou a entidade na Audi\u00eancia P\u00fablica na Assembl\u00e9ia Legislativa da Bahia, realizada por iniciativa do Deputado estadual Hilton Coelho e de forma virtual, a audi\u00eancia teve como tema: &#8220;O Trabalho da Enfermagem no&#8230;<\/p>\n","protected":false},"author":2,"featured_media":16151,"comment_status":"open","ping_status":"open","sticky":false,"template":"","format":"standard","meta":[],"categories":[11,6,7],"tags":[],"amp_validity":null,"amp_enabled":true,"_links":{"self":[{"href":"https:\/\/sindsaudeba.org.br\/portal\/wp-json\/wp\/v2\/posts\/16149"}],"collection":[{"href":"https:\/\/sindsaudeba.org.br\/portal\/wp-json\/wp\/v2\/posts"}],"about":[{"href":"https:\/\/sindsaudeba.org.br\/portal\/wp-json\/wp\/v2\/types\/post"}],"author":[{"embeddable":true,"href":"https:\/\/sindsaudeba.org.br\/portal\/wp-json\/wp\/v2\/users\/2"}],"replies":[{"embeddable":true,"href":"https:\/\/sindsaudeba.org.br\/portal\/wp-json\/wp\/v2\/comments?post=16149"}],"version-history":[{"count":2,"href":"https:\/\/sindsaudeba.org.br\/portal\/wp-json\/wp\/v2\/posts\/16149\/revisions"}],"predecessor-version":[{"id":16153,"href":"https:\/\/sindsaudeba.org.br\/portal\/wp-json\/wp\/v2\/posts\/16149\/revisions\/16153"}],"wp:featuredmedia":[{"embeddable":true,"href":"https:\/\/sindsaudeba.org.br\/portal\/wp-json\/wp\/v2\/media\/16151"}],"wp:attachment":[{"href":"https:\/\/sindsaudeba.org.br\/portal\/wp-json\/wp\/v2\/media?parent=16149"}],"wp:term":[{"taxonomy":"category","embeddable":true,"href":"https:\/\/sindsaudeba.org.br\/portal\/wp-json\/wp\/v2\/categories?post=16149"},{"taxonomy":"post_tag","embeddable":true,"href":"https:\/\/sindsaudeba.org.br\/portal\/wp-json\/wp\/v2\/tags?post=16149"}],"curies":[{"name":"wp","href":"https:\/\/api.w.org\/{rel}","templated":true}]}}