{"id":16139,"date":"2021-05-28T13:41:31","date_gmt":"2021-05-28T16:41:31","guid":{"rendered":"https:\/\/sindsaudeba.org.br\/portal\/?p=16139"},"modified":"2021-05-28T14:57:30","modified_gmt":"2021-05-28T17:57:30","slug":"plantao-imposto-de-renda-para-servidor-publico","status":"publish","type":"post","link":"https:\/\/sindsaudeba.org.br\/portal\/blog\/plantao-imposto-de-renda-para-servidor-publico\/","title":{"rendered":"Plant\u00e3o Imposto de Renda para Servidor P\u00fablico."},"content":{"rendered":"<p><strong>Aten\u00e7\u00e3o Servidores P\u00fablicos da Sa\u00fade.<\/strong><\/p>\n<p><strong><img loading=\"lazy\" class=\"size-medium wp-image-16140 alignleft\" src=\"https:\/\/sindsaudeba.org.br\/portal\/wp-content\/uploads\/2021\/05\/WhatsApp-Image-2021-05-28-at-10.12.39-300x300.jpeg\" alt=\"\" width=\"300\" height=\"300\" srcset=\"https:\/\/sindsaudeba.org.br\/portal\/wp-content\/uploads\/2021\/05\/WhatsApp-Image-2021-05-28-at-10.12.39-300x300.jpeg 300w, https:\/\/sindsaudeba.org.br\/portal\/wp-content\/uploads\/2021\/05\/WhatsApp-Image-2021-05-28-at-10.12.39-1024x1024.jpeg 1024w, https:\/\/sindsaudeba.org.br\/portal\/wp-content\/uploads\/2021\/05\/WhatsApp-Image-2021-05-28-at-10.12.39-150x150.jpeg 150w, https:\/\/sindsaudeba.org.br\/portal\/wp-content\/uploads\/2021\/05\/WhatsApp-Image-2021-05-28-at-10.12.39-768x767.jpeg 768w, https:\/\/sindsaudeba.org.br\/portal\/wp-content\/uploads\/2021\/05\/WhatsApp-Image-2021-05-28-at-10.12.39-570x570.jpeg 570w, https:\/\/sindsaudeba.org.br\/portal\/wp-content\/uploads\/2021\/05\/WhatsApp-Image-2021-05-28-at-10.12.39-500x500.jpeg 500w, https:\/\/sindsaudeba.org.br\/portal\/wp-content\/uploads\/2021\/05\/WhatsApp-Image-2021-05-28-at-10.12.39-1000x1000.jpeg 1000w, https:\/\/sindsaudeba.org.br\/portal\/wp-content\/uploads\/2021\/05\/WhatsApp-Image-2021-05-28-at-10.12.39-700x699.jpeg 700w, https:\/\/sindsaudeba.org.br\/portal\/wp-content\/uploads\/2021\/05\/WhatsApp-Image-2021-05-28-at-10.12.39.jpeg 1081w\" sizes=\"(max-width: 300px) 100vw, 300px\" \/><\/strong><\/p>\n<p><b>\u00a0<\/b><\/p>\n<p>O SindSa\u00fadeBa continua ajudando todos os servidores p\u00fablicos da sa\u00fade associados. Na reta final da declara\u00e7\u00e3o do Imposto de Renda, a entidade realiza nesta sexta-feira, 28 de maio, at\u00e9 a segunda-feira, 31 de maio, prazo final da Declara\u00e7\u00e3o do Imposto de Renda plant\u00e3o presencial e virtual. Hoje, sexta-feira (28) e segunda-feira (31), das 8:30h \u00e0s 17h \u2013 atendimento presencial \u2013 na sede e no s\u00e1bado (29), virtual, com equipe da Contadora Patr\u00edcia Alves do SindSa\u00fadeBa.<\/p>\n<p>O SindSa\u00fadeBa oferece atendimento gratuito para esclarecer d\u00favidas e a para realizar a declara\u00e7\u00e3o do Imposto de Renda (IR). Por conta da pandemia, n\u00e3o realizamos o IR Itinerante nas unidades da capital e interior, mas aproveitando as tecnologias para auxiliar servidores p\u00fablicos na capital e no interior no processo.<\/p>\n<p><img loading=\"lazy\" class=\"size-medium wp-image-16127 alignleft\" src=\"https:\/\/sindsaudeba.org.br\/portal\/wp-content\/uploads\/2021\/05\/WhatsApp-Image-2021-05-27-at-15.27.15-212x300.jpeg\" alt=\"\" width=\"212\" height=\"300\" srcset=\"https:\/\/sindsaudeba.org.br\/portal\/wp-content\/uploads\/2021\/05\/WhatsApp-Image-2021-05-27-at-15.27.15-212x300.jpeg 212w, https:\/\/sindsaudeba.org.br\/portal\/wp-content\/uploads\/2021\/05\/WhatsApp-Image-2021-05-27-at-15.27.15-724x1024.jpeg 724w, https:\/\/sindsaudeba.org.br\/portal\/wp-content\/uploads\/2021\/05\/WhatsApp-Image-2021-05-27-at-15.27.15-768x1086.jpeg 768w, https:\/\/sindsaudeba.org.br\/portal\/wp-content\/uploads\/2021\/05\/WhatsApp-Image-2021-05-27-at-15.27.15-700x990.jpeg 700w, https:\/\/sindsaudeba.org.br\/portal\/wp-content\/uploads\/2021\/05\/WhatsApp-Image-2021-05-27-at-15.27.15.jpeg 905w\" sizes=\"(max-width: 212px) 100vw, 212px\" \/><strong>Sindsa\u00fade-BA &#8211; Av. Joana Ang\u00e9lica, 902, s\/304-306, Nazar\u00e9, Salvador-BA sindsaudeba@yahoo.com.br \u2013<\/strong><\/p>\n<p><strong>Tel.(71) 3266-8940 \/ 8941 \/ 8942<\/strong><\/p>\n","protected":false},"excerpt":{"rendered":"<p>Aten\u00e7\u00e3o Servidores P\u00fablicos da Sa\u00fade. \u00a0 O SindSa\u00fadeBa continua ajudando todos os servidores p\u00fablicos da sa\u00fade associados. Na reta final da declara\u00e7\u00e3o do Imposto de Renda, a entidade realiza nesta sexta-feira, 28 de maio, at\u00e9 a segunda-feira, 31 de maio, prazo final da Declara\u00e7\u00e3o do&#8230;<\/p>\n","protected":false},"author":2,"featured_media":16140,"comment_status":"open","ping_status":"open","sticky":false,"template":"","format":"standard","meta":[],"categories":[11,6,7],"tags":[],"amp_validity":null,"amp_enabled":true,"_links":{"self":[{"href":"https:\/\/sindsaudeba.org.br\/portal\/wp-json\/wp\/v2\/posts\/16139"}],"collection":[{"href":"https:\/\/sindsaudeba.org.br\/portal\/wp-json\/wp\/v2\/posts"}],"about":[{"href":"https:\/\/sindsaudeba.org.br\/portal\/wp-json\/wp\/v2\/types\/post"}],"author":[{"embeddable":true,"href":"https:\/\/sindsaudeba.org.br\/portal\/wp-json\/wp\/v2\/users\/2"}],"replies":[{"embeddable":true,"href":"https:\/\/sindsaudeba.org.br\/portal\/wp-json\/wp\/v2\/comments?post=16139"}],"version-history":[{"count":1,"href":"https:\/\/sindsaudeba.org.br\/portal\/wp-json\/wp\/v2\/posts\/16139\/revisions"}],"predecessor-version":[{"id":16141,"href":"https:\/\/sindsaudeba.org.br\/portal\/wp-json\/wp\/v2\/posts\/16139\/revisions\/16141"}],"wp:featuredmedia":[{"embeddable":true,"href":"https:\/\/sindsaudeba.org.br\/portal\/wp-json\/wp\/v2\/media\/16140"}],"wp:attachment":[{"href":"https:\/\/sindsaudeba.org.br\/portal\/wp-json\/wp\/v2\/media?parent=16139"}],"wp:term":[{"taxonomy":"category","embeddable":true,"href":"https:\/\/sindsaudeba.org.br\/portal\/wp-json\/wp\/v2\/categories?post=16139"},{"taxonomy":"post_tag","embeddable":true,"href":"https:\/\/sindsaudeba.org.br\/portal\/wp-json\/wp\/v2\/tags?post=16139"}],"curies":[{"name":"wp","href":"https:\/\/api.w.org\/{rel}","templated":true}]}}