{"id":16136,"date":"2021-05-28T13:27:04","date_gmt":"2021-05-28T16:27:04","guid":{"rendered":"https:\/\/sindsaudeba.org.br\/portal\/?p=16136"},"modified":"2021-05-28T13:27:04","modified_gmt":"2021-05-28T16:27:04","slug":"departamento-juridico-se-reune-com-servidores-de-amelia-rodrigues","status":"publish","type":"post","link":"https:\/\/sindsaudeba.org.br\/portal\/blog\/departamento-juridico-se-reune-com-servidores-de-amelia-rodrigues\/","title":{"rendered":"Departamento Jur\u00eddico se re\u00fane com servidores de Am\u00e9lia Rodrigues"},"content":{"rendered":"<p><img loading=\"lazy\" class=\" wp-image-16137 alignleft\" src=\"https:\/\/sindsaudeba.org.br\/portal\/wp-content\/uploads\/2021\/05\/IMAGEM_NOTICIA_3-300x141.jpg\" alt=\"\" width=\"353\" height=\"166\" srcset=\"https:\/\/sindsaudeba.org.br\/portal\/wp-content\/uploads\/2021\/05\/IMAGEM_NOTICIA_3-300x141.jpg 300w, https:\/\/sindsaudeba.org.br\/portal\/wp-content\/uploads\/2021\/05\/IMAGEM_NOTICIA_3-1024x481.jpg 1024w, https:\/\/sindsaudeba.org.br\/portal\/wp-content\/uploads\/2021\/05\/IMAGEM_NOTICIA_3-768x361.jpg 768w, https:\/\/sindsaudeba.org.br\/portal\/wp-content\/uploads\/2021\/05\/IMAGEM_NOTICIA_3-1536x722.jpg 1536w, https:\/\/sindsaudeba.org.br\/portal\/wp-content\/uploads\/2021\/05\/IMAGEM_NOTICIA_3-700x329.jpg 700w, https:\/\/sindsaudeba.org.br\/portal\/wp-content\/uploads\/2021\/05\/IMAGEM_NOTICIA_3.jpg 1600w\" sizes=\"(max-width: 353px) 100vw, 353px\" \/>Os Servidores P\u00fablicos da Sa\u00fade da cidade de Am\u00e9lia Rodrigues, a 88 km da sede, reuniram-se com o jur\u00eddico do SindSa\u00fadeBa, qual entidade que os representa, para expor e dialogar com os advogados sobre a situa\u00e7\u00e3o de ataque do poder p\u00fablico atual aos direitos dos trabalhadores no munic\u00edpio.<\/p>\n<p>De forma on line, na noite de quinta-feira, 27 de maio, a entidade deixa claro est\u00e1 acompanhando e analisando todos os decretos expedidos pela Prefeitura de Am\u00e9lia Rodrigues-Ba. \u201cEsperamos sensatez e cordialidade por parte do poder p\u00fablico, que ele \u00e9 servidor aposentado, sabe o quanto ganhamos pouco e explorar a classe da sa\u00fade, onde j\u00e1 estamos exaustos devido a Pandemia \u00e9 desumano, ent\u00e3o, n\u00e3o a retirada dos direitos e um plano de cargo e sal\u00e1rio digno\u201d, expos a presidente do SindSa\u00fadeBa, Ivanilda Brito.<\/p>\n<p>&nbsp;<\/p>\n<p>&nbsp;<\/p>\n<p><img loading=\"lazy\" class=\"alignnone size-medium wp-image-16127\" src=\"https:\/\/sindsaudeba.org.br\/portal\/wp-content\/uploads\/2021\/05\/WhatsApp-Image-2021-05-27-at-15.27.15-212x300.jpeg\" alt=\"\" width=\"212\" height=\"300\" srcset=\"https:\/\/sindsaudeba.org.br\/portal\/wp-content\/uploads\/2021\/05\/WhatsApp-Image-2021-05-27-at-15.27.15-212x300.jpeg 212w, https:\/\/sindsaudeba.org.br\/portal\/wp-content\/uploads\/2021\/05\/WhatsApp-Image-2021-05-27-at-15.27.15-724x1024.jpeg 724w, https:\/\/sindsaudeba.org.br\/portal\/wp-content\/uploads\/2021\/05\/WhatsApp-Image-2021-05-27-at-15.27.15-768x1086.jpeg 768w, https:\/\/sindsaudeba.org.br\/portal\/wp-content\/uploads\/2021\/05\/WhatsApp-Image-2021-05-27-at-15.27.15-700x990.jpeg 700w, https:\/\/sindsaudeba.org.br\/portal\/wp-content\/uploads\/2021\/05\/WhatsApp-Image-2021-05-27-at-15.27.15.jpeg 905w\" sizes=\"(max-width: 212px) 100vw, 212px\" \/><\/p>\n","protected":false},"excerpt":{"rendered":"<p>Os Servidores P\u00fablicos da Sa\u00fade da cidade de Am\u00e9lia Rodrigues, a 88 km da sede, reuniram-se com o jur\u00eddico do SindSa\u00fadeBa, qual entidade que os representa, para expor e dialogar com os advogados sobre a situa\u00e7\u00e3o de ataque do poder p\u00fablico atual aos direitos dos&#8230;<\/p>\n","protected":false},"author":2,"featured_media":16137,"comment_status":"open","ping_status":"open","sticky":false,"template":"","format":"standard","meta":[],"categories":[11,6,7],"tags":[],"amp_validity":null,"amp_enabled":true,"_links":{"self":[{"href":"https:\/\/sindsaudeba.org.br\/portal\/wp-json\/wp\/v2\/posts\/16136"}],"collection":[{"href":"https:\/\/sindsaudeba.org.br\/portal\/wp-json\/wp\/v2\/posts"}],"about":[{"href":"https:\/\/sindsaudeba.org.br\/portal\/wp-json\/wp\/v2\/types\/post"}],"author":[{"embeddable":true,"href":"https:\/\/sindsaudeba.org.br\/portal\/wp-json\/wp\/v2\/users\/2"}],"replies":[{"embeddable":true,"href":"https:\/\/sindsaudeba.org.br\/portal\/wp-json\/wp\/v2\/comments?post=16136"}],"version-history":[{"count":1,"href":"https:\/\/sindsaudeba.org.br\/portal\/wp-json\/wp\/v2\/posts\/16136\/revisions"}],"predecessor-version":[{"id":16138,"href":"https:\/\/sindsaudeba.org.br\/portal\/wp-json\/wp\/v2\/posts\/16136\/revisions\/16138"}],"wp:featuredmedia":[{"embeddable":true,"href":"https:\/\/sindsaudeba.org.br\/portal\/wp-json\/wp\/v2\/media\/16137"}],"wp:attachment":[{"href":"https:\/\/sindsaudeba.org.br\/portal\/wp-json\/wp\/v2\/media?parent=16136"}],"wp:term":[{"taxonomy":"category","embeddable":true,"href":"https:\/\/sindsaudeba.org.br\/portal\/wp-json\/wp\/v2\/categories?post=16136"},{"taxonomy":"post_tag","embeddable":true,"href":"https:\/\/sindsaudeba.org.br\/portal\/wp-json\/wp\/v2\/tags?post=16136"}],"curies":[{"name":"wp","href":"https:\/\/api.w.org\/{rel}","templated":true}]}}