{"id":16118,"date":"2021-05-26T09:08:00","date_gmt":"2021-05-26T12:08:00","guid":{"rendered":"https:\/\/sindsaudeba.org.br\/portal\/?p=16118"},"modified":"2021-05-26T09:08:00","modified_gmt":"2021-05-26T12:08:00","slug":"sindsaudeba-participa-de-audiencia-publica-com-tema-o-trabalho-da-enfermagem-no-contexto-de-crise","status":"publish","type":"post","link":"https:\/\/sindsaudeba.org.br\/portal\/blog\/sindsaudeba-participa-de-audiencia-publica-com-tema-o-trabalho-da-enfermagem-no-contexto-de-crise\/","title":{"rendered":"Sindsa\u00fadeBa participa de audi\u00eancia p\u00fablica com tema: O Trabalho da Enfermagem no Contexto de Crise"},"content":{"rendered":"<p><img loading=\"lazy\" class=\"size-medium wp-image-16119 alignleft\" src=\"https:\/\/sindsaudeba.org.br\/portal\/wp-content\/uploads\/2021\/05\/WhatsApp-Image-2021-05-25-at-15.24.09-300x171.jpeg\" alt=\"\" width=\"300\" height=\"171\" srcset=\"https:\/\/sindsaudeba.org.br\/portal\/wp-content\/uploads\/2021\/05\/WhatsApp-Image-2021-05-25-at-15.24.09-300x171.jpeg 300w, https:\/\/sindsaudeba.org.br\/portal\/wp-content\/uploads\/2021\/05\/WhatsApp-Image-2021-05-25-at-15.24.09-1024x584.jpeg 1024w, https:\/\/sindsaudeba.org.br\/portal\/wp-content\/uploads\/2021\/05\/WhatsApp-Image-2021-05-25-at-15.24.09-768x438.jpeg 768w, https:\/\/sindsaudeba.org.br\/portal\/wp-content\/uploads\/2021\/05\/WhatsApp-Image-2021-05-25-at-15.24.09-345x198.jpeg 345w, https:\/\/sindsaudeba.org.br\/portal\/wp-content\/uploads\/2021\/05\/WhatsApp-Image-2021-05-25-at-15.24.09-700x399.jpeg 700w, https:\/\/sindsaudeba.org.br\/portal\/wp-content\/uploads\/2021\/05\/WhatsApp-Image-2021-05-25-at-15.24.09.jpeg 1280w\" sizes=\"(max-width: 300px) 100vw, 300px\" \/>Na manh\u00e3 de hoje (25\/05), a Conselheira do Sindsa\u00fade-BA, Ana Carina Dunham, representou a entidade na Audi\u00eancia P\u00fablica da C\u00e2mara de Vereadores\/as de Salvador, realizada de forma virtual, a audi\u00eancia teve como tema: &#8220;O Trabalho da Enfermagem no Contexto de Crise&#8221;, a Conselheira abordou em sua fala sobre as condi\u00e7\u00f5es de trabalho prec\u00e1rias, a falta de um piso salarial, de jornada digna de trabalho, o ass\u00e9dio moral e o adoecimento f\u00edsico e psicol\u00f3gicos que os\/as profissionais de enfermagem s\u00e3o submetidos\/as no campo de trabalho.<\/p>\n<p>A Conselheira abordou ainda, sobre a necessidade de nesse momento de crise reconhecer e valorizar os\/as profissionais de enfermagem que sempre estiveram na linha de frente e da import\u00e2ncia dos parlamentares reconhecerem o valor desse trabalho.<br \/>\nA audi\u00eancia p\u00fablica contou ainda com a participa\u00e7\u00e3o de outras entidades da classe.<\/p>\n<p>&nbsp;<\/p>\n<p><img loading=\"lazy\" class=\"alignnone size-medium wp-image-16107\" src=\"https:\/\/sindsaudeba.org.br\/portal\/wp-content\/uploads\/2021\/05\/WhatsApp-Image-2021-05-05-at-13.16.31-2-283x300.jpeg\" alt=\"\" width=\"283\" height=\"300\" srcset=\"https:\/\/sindsaudeba.org.br\/portal\/wp-content\/uploads\/2021\/05\/WhatsApp-Image-2021-05-05-at-13.16.31-2-283x300.jpeg 283w, https:\/\/sindsaudeba.org.br\/portal\/wp-content\/uploads\/2021\/05\/WhatsApp-Image-2021-05-05-at-13.16.31-2-964x1024.jpeg 964w, https:\/\/sindsaudeba.org.br\/portal\/wp-content\/uploads\/2021\/05\/WhatsApp-Image-2021-05-05-at-13.16.31-2-768x815.jpeg 768w, https:\/\/sindsaudeba.org.br\/portal\/wp-content\/uploads\/2021\/05\/WhatsApp-Image-2021-05-05-at-13.16.31-2-700x743.jpeg 700w, https:\/\/sindsaudeba.org.br\/portal\/wp-content\/uploads\/2021\/05\/WhatsApp-Image-2021-05-05-at-13.16.31-2.jpeg 1085w\" sizes=\"(max-width: 283px) 100vw, 283px\" \/><\/p>\n","protected":false},"excerpt":{"rendered":"<p>Na manh\u00e3 de hoje (25\/05), a Conselheira do Sindsa\u00fade-BA, Ana Carina Dunham, representou a entidade na Audi\u00eancia P\u00fablica da C\u00e2mara de Vereadores\/as de Salvador, realizada de forma virtual, a audi\u00eancia teve como tema: &#8220;O Trabalho da Enfermagem no Contexto de Crise&#8221;, a Conselheira abordou em&#8230;<\/p>\n","protected":false},"author":2,"featured_media":16119,"comment_status":"open","ping_status":"open","sticky":false,"template":"","format":"standard","meta":[],"categories":[11,6,7],"tags":[],"amp_validity":null,"amp_enabled":true,"_links":{"self":[{"href":"https:\/\/sindsaudeba.org.br\/portal\/wp-json\/wp\/v2\/posts\/16118"}],"collection":[{"href":"https:\/\/sindsaudeba.org.br\/portal\/wp-json\/wp\/v2\/posts"}],"about":[{"href":"https:\/\/sindsaudeba.org.br\/portal\/wp-json\/wp\/v2\/types\/post"}],"author":[{"embeddable":true,"href":"https:\/\/sindsaudeba.org.br\/portal\/wp-json\/wp\/v2\/users\/2"}],"replies":[{"embeddable":true,"href":"https:\/\/sindsaudeba.org.br\/portal\/wp-json\/wp\/v2\/comments?post=16118"}],"version-history":[{"count":1,"href":"https:\/\/sindsaudeba.org.br\/portal\/wp-json\/wp\/v2\/posts\/16118\/revisions"}],"predecessor-version":[{"id":16120,"href":"https:\/\/sindsaudeba.org.br\/portal\/wp-json\/wp\/v2\/posts\/16118\/revisions\/16120"}],"wp:featuredmedia":[{"embeddable":true,"href":"https:\/\/sindsaudeba.org.br\/portal\/wp-json\/wp\/v2\/media\/16119"}],"wp:attachment":[{"href":"https:\/\/sindsaudeba.org.br\/portal\/wp-json\/wp\/v2\/media?parent=16118"}],"wp:term":[{"taxonomy":"category","embeddable":true,"href":"https:\/\/sindsaudeba.org.br\/portal\/wp-json\/wp\/v2\/categories?post=16118"},{"taxonomy":"post_tag","embeddable":true,"href":"https:\/\/sindsaudeba.org.br\/portal\/wp-json\/wp\/v2\/tags?post=16118"}],"curies":[{"name":"wp","href":"https:\/\/api.w.org\/{rel}","templated":true}]}}