{"id":16101,"date":"2021-05-24T13:59:36","date_gmt":"2021-05-24T16:59:36","guid":{"rendered":"https:\/\/sindsaudeba.org.br\/portal\/?p=16101"},"modified":"2021-05-24T15:56:08","modified_gmt":"2021-05-24T18:56:08","slug":"campanha-doe-um-pouco-de-vida-doe-potes-comeca-a-arrecadar-potes-para-armazenamento-de-leite-humano","status":"publish","type":"post","link":"https:\/\/sindsaudeba.org.br\/portal\/blog\/campanha-doe-um-pouco-de-vida-doe-potes-comeca-a-arrecadar-potes-para-armazenamento-de-leite-humano\/","title":{"rendered":"Campanha \u201cDoe um Pouco de Vida, Doe Potes\u201d come\u00e7a a arrecadar potes para armazenamento de leite humano."},"content":{"rendered":"<p><img loading=\"lazy\" class=\"size-medium wp-image-16102 alignleft\" src=\"https:\/\/sindsaudeba.org.br\/portal\/wp-content\/uploads\/2021\/05\/WhatsApp-Image-2021-05-24-at-11.22.56-2-169x300.jpeg\" alt=\"\" width=\"169\" height=\"300\" srcset=\"https:\/\/sindsaudeba.org.br\/portal\/wp-content\/uploads\/2021\/05\/WhatsApp-Image-2021-05-24-at-11.22.56-2-169x300.jpeg 169w, https:\/\/sindsaudeba.org.br\/portal\/wp-content\/uploads\/2021\/05\/WhatsApp-Image-2021-05-24-at-11.22.56-2-578x1024.jpeg 578w, https:\/\/sindsaudeba.org.br\/portal\/wp-content\/uploads\/2021\/05\/WhatsApp-Image-2021-05-24-at-11.22.56-2-700x1241.jpeg 700w, https:\/\/sindsaudeba.org.br\/portal\/wp-content\/uploads\/2021\/05\/WhatsApp-Image-2021-05-24-at-11.22.56-2.jpeg 722w\" sizes=\"(max-width: 169px) 100vw, 169px\" \/><\/p>\n<p>O SindSa\u00fade-BA atrav\u00e9s das Diretorias de Esporte e Lazer e Comunica\u00e7\u00e3o, iniciam nesta ter\u00e7a-feira, 25 de maio, a campanha \u201cDoe um Pouco de Vida, Doe Potes\u201d para arrecadar potes de vidro para os Bancos de Leite na Bahia. O objetivo \u00e9 fortalecer as campanhas no Estado, onde h\u00e1 servidores p\u00fablicos da sa\u00fade.<\/p>\n<p>Os frascos ser\u00e3o utilizados no armazenamento de leite materno. \u201cEsse projeto \u00e9 uma iniciativa para sensibilizar os servidores e a sociedade da import\u00e2ncia de sermos solid\u00e1rios, durante a pandemia n\u00f3s baianos mostramos uma for\u00e7a incr\u00edvel, agora vamos fortalecer esse la\u00e7o humano que h\u00e1 dentro de todos n\u00f3s\u201d, comentou diretor Edson Leite.<\/p>\n<p>Para o melhor armazenamento e esteriliza\u00e7\u00e3o, os potes doados devem ser de vidro e com tampa pl\u00e1stica rosque\u00e1vel, no estilo dos recipientes de caf\u00e9 sol\u00favel. Al\u00e9m do armazenamento, os fracos s\u00e3o utilizados para pasteuriza\u00e7\u00e3o e distribui\u00e7\u00e3o do leite seguindo as normas de seguran\u00e7a da vigil\u00e2ncia sanit\u00e1ria.<\/p>\n<p>\u201cO SindSa\u00fade-BA \u00e9 uma ponte para ajudar o servidor e a sociedade, esse projeto \u00e9 um dos que iremos desenvolver e colocar para frente. Somos m\u00e3es e pais, temos filhas que precisam amamentar e pensando nos nossos filhos e netos. Fico feliz ao ver projetos sendo colocados em pr\u00e1tica, nunca foi nada f\u00e1cil para vida do servidor p\u00fablico e nossas fam\u00edlias, obrigado a todos e todas que v\u00e3o doar os potes, aqui na sede do sindicato e no Servi\u00e7o de Atendimento para Servidor P\u00fablico -SASP\u201d, pontuou Ivanilda.<\/p>\n<p><img loading=\"lazy\" class=\"size-medium wp-image-16103 alignleft\" src=\"https:\/\/sindsaudeba.org.br\/portal\/wp-content\/uploads\/2021\/05\/WhatsApp-Image-2021-05-05-at-13.16.31-1-283x300.jpeg\" alt=\"\" width=\"283\" height=\"300\" srcset=\"https:\/\/sindsaudeba.org.br\/portal\/wp-content\/uploads\/2021\/05\/WhatsApp-Image-2021-05-05-at-13.16.31-1-283x300.jpeg 283w, https:\/\/sindsaudeba.org.br\/portal\/wp-content\/uploads\/2021\/05\/WhatsApp-Image-2021-05-05-at-13.16.31-1-964x1024.jpeg 964w, https:\/\/sindsaudeba.org.br\/portal\/wp-content\/uploads\/2021\/05\/WhatsApp-Image-2021-05-05-at-13.16.31-1-768x815.jpeg 768w, https:\/\/sindsaudeba.org.br\/portal\/wp-content\/uploads\/2021\/05\/WhatsApp-Image-2021-05-05-at-13.16.31-1-700x743.jpeg 700w, https:\/\/sindsaudeba.org.br\/portal\/wp-content\/uploads\/2021\/05\/WhatsApp-Image-2021-05-05-at-13.16.31-1.jpeg 1085w\" sizes=\"(max-width: 283px) 100vw, 283px\" \/><\/p>\n<p>SindSa\u00fadeBahia:<\/p>\n<p>Sindsa\u00fade-BA &#8211; Av. Joana Ang\u00e9lica, 902, s\/304-306, Nazar\u00e9, Salvador-BA sindsaudeba@yahoo.com.br &#8211; Tel.(<strong>71<\/strong>) 3266-8940 \/ 8941 \/ 8942<\/p>\n","protected":false},"excerpt":{"rendered":"<p>O SindSa\u00fade-BA atrav\u00e9s das Diretorias de Esporte e Lazer e Comunica\u00e7\u00e3o, iniciam nesta ter\u00e7a-feira, 25 de maio, a campanha \u201cDoe um Pouco de Vida, Doe Potes\u201d para arrecadar potes de vidro para os Bancos de Leite na Bahia. O objetivo \u00e9 fortalecer as campanhas no&#8230;<\/p>\n","protected":false},"author":2,"featured_media":16104,"comment_status":"open","ping_status":"open","sticky":false,"template":"","format":"standard","meta":[],"categories":[11,5,6],"tags":[],"amp_validity":null,"amp_enabled":true,"_links":{"self":[{"href":"https:\/\/sindsaudeba.org.br\/portal\/wp-json\/wp\/v2\/posts\/16101"}],"collection":[{"href":"https:\/\/sindsaudeba.org.br\/portal\/wp-json\/wp\/v2\/posts"}],"about":[{"href":"https:\/\/sindsaudeba.org.br\/portal\/wp-json\/wp\/v2\/types\/post"}],"author":[{"embeddable":true,"href":"https:\/\/sindsaudeba.org.br\/portal\/wp-json\/wp\/v2\/users\/2"}],"replies":[{"embeddable":true,"href":"https:\/\/sindsaudeba.org.br\/portal\/wp-json\/wp\/v2\/comments?post=16101"}],"version-history":[{"count":2,"href":"https:\/\/sindsaudeba.org.br\/portal\/wp-json\/wp\/v2\/posts\/16101\/revisions"}],"predecessor-version":[{"id":16117,"href":"https:\/\/sindsaudeba.org.br\/portal\/wp-json\/wp\/v2\/posts\/16101\/revisions\/16117"}],"wp:featuredmedia":[{"embeddable":true,"href":"https:\/\/sindsaudeba.org.br\/portal\/wp-json\/wp\/v2\/media\/16104"}],"wp:attachment":[{"href":"https:\/\/sindsaudeba.org.br\/portal\/wp-json\/wp\/v2\/media?parent=16101"}],"wp:term":[{"taxonomy":"category","embeddable":true,"href":"https:\/\/sindsaudeba.org.br\/portal\/wp-json\/wp\/v2\/categories?post=16101"},{"taxonomy":"post_tag","embeddable":true,"href":"https:\/\/sindsaudeba.org.br\/portal\/wp-json\/wp\/v2\/tags?post=16101"}],"curies":[{"name":"wp","href":"https:\/\/api.w.org\/{rel}","templated":true}]}}