{"id":16082,"date":"2021-05-21T15:49:46","date_gmt":"2021-05-21T18:49:46","guid":{"rendered":"https:\/\/sindsaudeba.org.br\/portal\/?p=16082"},"modified":"2021-05-24T09:33:21","modified_gmt":"2021-05-24T12:33:21","slug":"sindsaude-bahia-participa-de-ato-simbolico-no-morro-do-cristo","status":"publish","type":"post","link":"https:\/\/sindsaudeba.org.br\/portal\/blog\/sindsaude-bahia-participa-de-ato-simbolico-no-morro-do-cristo\/","title":{"rendered":"Sindsa\u00fade Bahia participa de Ato Simb\u00f3lico no Morro do Cristo"},"content":{"rendered":"<p><img loading=\"lazy\" class=\"size-medium wp-image-16083 alignleft\" src=\"https:\/\/sindsaudeba.org.br\/portal\/wp-content\/uploads\/2021\/05\/725d1e9c-bcad-4af1-bcc6-1ff1a7a97798-300x225.jpg\" alt=\"\" width=\"300\" height=\"225\" srcset=\"https:\/\/sindsaudeba.org.br\/portal\/wp-content\/uploads\/2021\/05\/725d1e9c-bcad-4af1-bcc6-1ff1a7a97798-300x225.jpg 300w, https:\/\/sindsaudeba.org.br\/portal\/wp-content\/uploads\/2021\/05\/725d1e9c-bcad-4af1-bcc6-1ff1a7a97798-1024x768.jpg 1024w, https:\/\/sindsaudeba.org.br\/portal\/wp-content\/uploads\/2021\/05\/725d1e9c-bcad-4af1-bcc6-1ff1a7a97798-768x576.jpg 768w, https:\/\/sindsaudeba.org.br\/portal\/wp-content\/uploads\/2021\/05\/725d1e9c-bcad-4af1-bcc6-1ff1a7a97798-800x600.jpg 800w, https:\/\/sindsaudeba.org.br\/portal\/wp-content\/uploads\/2021\/05\/725d1e9c-bcad-4af1-bcc6-1ff1a7a97798-700x525.jpg 700w, https:\/\/sindsaudeba.org.br\/portal\/wp-content\/uploads\/2021\/05\/725d1e9c-bcad-4af1-bcc6-1ff1a7a97798.jpg 1040w\" sizes=\"(max-width: 300px) 100vw, 300px\" \/><\/p>\n<p>O fim da tarde desta quinta-feira (20) foi marcado por um ato simb\u00f3lico, no Morro do Cristo, na Barra em Salvador. O Sindsa\u00fade-BA participou do ato ao lado das entidades que comp\u00f5em o F\u00f3rum Baiano de Enfermagem: o Sindicato dos Enfermeiros\/as do Estado da Bahia (SEEB), o Sindicato Intermunicipal dos T\u00e9cnicos\/as de Enfermagem, T\u00e9cnicos\/as de Enfermagem do Trabalho e T\u00e9cnicos\/as de Patologia Cl\u00ednica do Estado da Bahia (Sintefem) e a Associa\u00e7\u00e3o Brasileira de Enfermagem (ABEn-BA), juntas instalaram 23 cruzes no local em homenagem aos\/as profissionais de enfermagem que morreram v\u00edtimas de Covid-19 durante o combate \u00e0 pandemia na Bahia.<\/p>\n<p>O protesto tamb\u00e9m marcou o apoio das entidades baianas \u00e0 luta pela aprova\u00e7\u00e3o do PL 2564\/20, que trata do piso salarial da classe de enfermagem e da jornada de 30 horas. Al\u00e9m das cruzes, faixas e bandeiras, foram distribu\u00eddas flores \u00e0 popula\u00e7\u00e3o presente no local. O ato seguiu todos os protocolos sanit\u00e1rios recomendados.<\/p>\n<p>A diretora de Comunica\u00e7\u00e3o do Sindsa\u00fade-BA, Dart Clair Cerqueira que participou do ato pontuou: \u201cO ato foi de extrema import\u00e2ncia para trazer uma reflex\u00e3o para toda sociedade o quanto o nosso trabalho \u00e9 essencial, mas precarizado, com p\u00e9ssimas condi\u00e7\u00f5es de trabalho, sem piso salarial e sem jornada digna, muito profissionais morreram sem alcan\u00e7ar essa vit\u00f3ria, nesse momento de crise precisamos do apoio de todos\/as nessa luta\u201d, pontou Dart Clair.<\/p>\n<p>A conselheira do Sindsa\u00fade, Ana Caria Dunham tamb\u00e9m marcou presen\u00e7a no ato simb\u00f3lico. Ana Carina lembrou que cada vida importa. Cada t\u00e9cnico\/a, auxiliar, enfermeiros\/as e cada paciente, era o amor de algu\u00e9m. Acrescentou que a classe n\u00e3o quer apenas aplausos e elogios, quer reconhecimento. \u201cNeste momento especial, queremos melhores condi\u00e7\u00f5es de trabalho e a aprova\u00e7\u00e3o do PL 2564. O ato no Cristo da Barra \u00e9 para que cada vez mais a sociedade reconhe\u00e7a que somos valorosos sim, nas nossas a\u00e7\u00f5es e no exerc\u00edcio profissional, mas precisamos do reconhecimento atrav\u00e9s de um piso salarial digno e de uma jornada de trabalho justa\u201d, conclui a enfermeira Ana Carina.<\/p>\n<p>&nbsp;<\/p>\n<p><img loading=\"lazy\" class=\"size-medium wp-image-16084 aligncenter\" src=\"https:\/\/sindsaudeba.org.br\/portal\/wp-content\/uploads\/2021\/05\/6dc63cab-afe1-407c-9a27-4c1e2b3ab34d-300x225.jpg\" alt=\"\" width=\"300\" height=\"225\" srcset=\"https:\/\/sindsaudeba.org.br\/portal\/wp-content\/uploads\/2021\/05\/6dc63cab-afe1-407c-9a27-4c1e2b3ab34d-300x225.jpg 300w, https:\/\/sindsaudeba.org.br\/portal\/wp-content\/uploads\/2021\/05\/6dc63cab-afe1-407c-9a27-4c1e2b3ab34d-1024x768.jpg 1024w, https:\/\/sindsaudeba.org.br\/portal\/wp-content\/uploads\/2021\/05\/6dc63cab-afe1-407c-9a27-4c1e2b3ab34d-768x576.jpg 768w, https:\/\/sindsaudeba.org.br\/portal\/wp-content\/uploads\/2021\/05\/6dc63cab-afe1-407c-9a27-4c1e2b3ab34d-800x600.jpg 800w, https:\/\/sindsaudeba.org.br\/portal\/wp-content\/uploads\/2021\/05\/6dc63cab-afe1-407c-9a27-4c1e2b3ab34d-700x525.jpg 700w, https:\/\/sindsaudeba.org.br\/portal\/wp-content\/uploads\/2021\/05\/6dc63cab-afe1-407c-9a27-4c1e2b3ab34d.jpg 1040w\" sizes=\"(max-width: 300px) 100vw, 300px\" \/>De acordo com a presidente do SindSa\u00fadeBahia, Ivanilda Brito, que refor\u00e7ou a defesa da PL. \u201cEssa luta \u00e9 hist\u00f3rica e gra\u00e7as as redes sociais a sociedade vem sensibilizando e apoiando os profissionais nesta luta, juntos podemos a sociedade e os trabalhadores da sa\u00fade unir for\u00e7as para conquistar nossos direitos, mas precisa dessa unidade e isso, n\u00f3s vamos conseguir&#8230;\u201d, desabafa Ivanilda.<\/p>\n<p><iframe title=\"Sindsa\u00fade Bahia participa de Ato Simb\u00f3lico, no Morro do Cristo, em Salvador\" width=\"1060\" height=\"596\" src=\"https:\/\/www.youtube.com\/embed\/xYyO-h0d_PU?feature=oembed\" frameborder=\"0\" allow=\"accelerometer; autoplay; clipboard-write; encrypted-media; gyroscope; picture-in-picture\" allowfullscreen><\/iframe><\/p>\n","protected":false},"excerpt":{"rendered":"<p>O fim da tarde desta quinta-feira (20) foi marcado por um ato simb\u00f3lico, no Morro do Cristo, na Barra em Salvador. O Sindsa\u00fade-BA participou do ato ao lado das entidades que comp\u00f5em o F\u00f3rum Baiano de Enfermagem: o Sindicato dos Enfermeiros\/as do Estado da Bahia&#8230;<\/p>\n","protected":false},"author":2,"featured_media":16083,"comment_status":"open","ping_status":"open","sticky":false,"template":"","format":"standard","meta":[],"categories":[11,6,7],"tags":[],"amp_validity":null,"amp_enabled":true,"_links":{"self":[{"href":"https:\/\/sindsaudeba.org.br\/portal\/wp-json\/wp\/v2\/posts\/16082"}],"collection":[{"href":"https:\/\/sindsaudeba.org.br\/portal\/wp-json\/wp\/v2\/posts"}],"about":[{"href":"https:\/\/sindsaudeba.org.br\/portal\/wp-json\/wp\/v2\/types\/post"}],"author":[{"embeddable":true,"href":"https:\/\/sindsaudeba.org.br\/portal\/wp-json\/wp\/v2\/users\/2"}],"replies":[{"embeddable":true,"href":"https:\/\/sindsaudeba.org.br\/portal\/wp-json\/wp\/v2\/comments?post=16082"}],"version-history":[{"count":4,"href":"https:\/\/sindsaudeba.org.br\/portal\/wp-json\/wp\/v2\/posts\/16082\/revisions"}],"predecessor-version":[{"id":16100,"href":"https:\/\/sindsaudeba.org.br\/portal\/wp-json\/wp\/v2\/posts\/16082\/revisions\/16100"}],"wp:featuredmedia":[{"embeddable":true,"href":"https:\/\/sindsaudeba.org.br\/portal\/wp-json\/wp\/v2\/media\/16083"}],"wp:attachment":[{"href":"https:\/\/sindsaudeba.org.br\/portal\/wp-json\/wp\/v2\/media?parent=16082"}],"wp:term":[{"taxonomy":"category","embeddable":true,"href":"https:\/\/sindsaudeba.org.br\/portal\/wp-json\/wp\/v2\/categories?post=16082"},{"taxonomy":"post_tag","embeddable":true,"href":"https:\/\/sindsaudeba.org.br\/portal\/wp-json\/wp\/v2\/tags?post=16082"}],"curies":[{"name":"wp","href":"https:\/\/api.w.org\/{rel}","templated":true}]}}