{"id":16077,"date":"2021-05-19T14:29:18","date_gmt":"2021-05-19T17:29:18","guid":{"rendered":"https:\/\/sindsaudeba.org.br\/portal\/?p=16077"},"modified":"2021-05-23T20:07:13","modified_gmt":"2021-05-23T23:07:13","slug":"saude-mental-foi-tem-do-programa-entre-aspas","status":"publish","type":"post","link":"https:\/\/sindsaudeba.org.br\/portal\/blog\/saude-mental-foi-tem-do-programa-entre-aspas\/","title":{"rendered":"Sa\u00fade Mental foi tema do Programa Entre Aspas"},"content":{"rendered":"<p><img loading=\"lazy\" class=\"size-medium wp-image-16078 alignleft\" src=\"https:\/\/sindsaudeba.org.br\/portal\/wp-content\/uploads\/2021\/05\/WhatsApp-Image-2021-05-19-at-14.02.49-300x181.jpeg\" alt=\"\" width=\"300\" height=\"181\" srcset=\"https:\/\/sindsaudeba.org.br\/portal\/wp-content\/uploads\/2021\/05\/WhatsApp-Image-2021-05-19-at-14.02.49-300x181.jpeg 300w, https:\/\/sindsaudeba.org.br\/portal\/wp-content\/uploads\/2021\/05\/WhatsApp-Image-2021-05-19-at-14.02.49-1024x619.jpeg 1024w, https:\/\/sindsaudeba.org.br\/portal\/wp-content\/uploads\/2021\/05\/WhatsApp-Image-2021-05-19-at-14.02.49-768x464.jpeg 768w, https:\/\/sindsaudeba.org.br\/portal\/wp-content\/uploads\/2021\/05\/WhatsApp-Image-2021-05-19-at-14.02.49-700x423.jpeg 700w, https:\/\/sindsaudeba.org.br\/portal\/wp-content\/uploads\/2021\/05\/WhatsApp-Image-2021-05-19-at-14.02.49.jpeg 1190w\" sizes=\"(max-width: 300px) 100vw, 300px\" \/>Na linha de frente do combate \u00e0 pandemia, os profissionais de sa\u00fade, n\u00e3o convivem apenas com um inimigo invis\u00edvel. Est\u00e3o lado a lado com o medo, a inseguran\u00e7a, a exaust\u00e3o e a falta de preparo para enfrentar a covid-19. Diante deste quadro, muitos j\u00e1 apresentam problemas emocionais.<\/p>\n<p>Sa\u00fade Mental foi o tema do programa Entre Aspas, desta semana. A psic\u00f3loga Camila Lula foi a convidada para falar sobre o assunto. Durante a conversa, Camila falou sobre o que \u00e9 a exaust\u00e3o mental, os sintomas e quando o trabalhador deve ficar atento para sobre o problema.<\/p>\n<p>&#8211; O importante \u00e9 o autoconhecimento. Quando a pessoa perceber que algo est\u00e1 errado, que h\u00e1 mudan\u00e7as no comportamento. \u00c9 importante come\u00e7ar a ficar atento e come\u00e7ar a se cuidar, explicou a psic\u00f3loga.<\/p>\n<p>De acordo com pesquisa da Funda\u00e7\u00e3o Get\u00falio Vargas, 80% dos trabalhadores da sa\u00fade entrevistados sentem impactos negativos na sa\u00fade mental causados pela pandemia, sendo que apenas 19% buscaram ajuda para lidar com o problema.<\/p>\n<p>Camila explicou que, diante do quadro, &#8220;seria fundamental as unidades de sa\u00fade, contasse com um profissional que possa dar aten\u00e7\u00e3o os trabalhadores de sa\u00fade&#8221;, e na falta deles, a psic\u00f3loga deu dicas do que podem fazer para amenizar os sintomas da exaust\u00e3o.<\/p>\n<p>A psic\u00f3loga esclareceu que \u00e9 importante o acompanhamento de um profissional para descobrir a fonte principal do problema e o porqu\u00ea da pessoa est\u00e1 agindo daquela maneira. \u201cEste \u00e9 um trabalho em conjunto, de parceira. \u00c9 necess\u00e1rio que a pessoa apresente a quest\u00e3o, o problema, os sintomas, para que juntos possamos abrir o caminho para um melhor conv\u00edvio com o fator estressante e que est\u00e1 causando ansiedade\u201d, explicou Camila.<\/p>\n<p>O Sindsa\u00fade Bahia, com a implanta\u00e7\u00e3o do projeto Sindsa\u00fade Cuida, colocou a disposi\u00e7\u00e3o dos trabalhadores da sa\u00fade, filiados ao sindicato atendimentos\u00a0 gratuito e com hora marcada (seguindo todas as recomenda\u00e7\u00f5es de seguran\u00e7a).<\/p>\n<p><img loading=\"lazy\" class=\"alignnone size-medium wp-image-16074\" src=\"https:\/\/sindsaudeba.org.br\/portal\/wp-content\/uploads\/2021\/05\/WhatsApp-Image-2021-05-05-at-13.16.31-283x300.jpeg\" alt=\"\" width=\"283\" height=\"300\" srcset=\"https:\/\/sindsaudeba.org.br\/portal\/wp-content\/uploads\/2021\/05\/WhatsApp-Image-2021-05-05-at-13.16.31-283x300.jpeg 283w, https:\/\/sindsaudeba.org.br\/portal\/wp-content\/uploads\/2021\/05\/WhatsApp-Image-2021-05-05-at-13.16.31-964x1024.jpeg 964w, https:\/\/sindsaudeba.org.br\/portal\/wp-content\/uploads\/2021\/05\/WhatsApp-Image-2021-05-05-at-13.16.31-768x815.jpeg 768w, https:\/\/sindsaudeba.org.br\/portal\/wp-content\/uploads\/2021\/05\/WhatsApp-Image-2021-05-05-at-13.16.31-700x743.jpeg 700w, https:\/\/sindsaudeba.org.br\/portal\/wp-content\/uploads\/2021\/05\/WhatsApp-Image-2021-05-05-at-13.16.31.jpeg 1085w\" sizes=\"(max-width: 283px) 100vw, 283px\" \/><\/p>\n","protected":false},"excerpt":{"rendered":"<p>Na linha de frente do combate \u00e0 pandemia, os profissionais de sa\u00fade, n\u00e3o convivem apenas com um inimigo invis\u00edvel. Est\u00e3o lado a lado com o medo, a inseguran\u00e7a, a exaust\u00e3o e a falta de preparo para enfrentar a covid-19. Diante deste quadro, muitos j\u00e1 apresentam&#8230;<\/p>\n","protected":false},"author":2,"featured_media":16078,"comment_status":"open","ping_status":"open","sticky":false,"template":"","format":"standard","meta":[],"categories":[11,6,7],"tags":[],"amp_validity":null,"amp_enabled":true,"_links":{"self":[{"href":"https:\/\/sindsaudeba.org.br\/portal\/wp-json\/wp\/v2\/posts\/16077"}],"collection":[{"href":"https:\/\/sindsaudeba.org.br\/portal\/wp-json\/wp\/v2\/posts"}],"about":[{"href":"https:\/\/sindsaudeba.org.br\/portal\/wp-json\/wp\/v2\/types\/post"}],"author":[{"embeddable":true,"href":"https:\/\/sindsaudeba.org.br\/portal\/wp-json\/wp\/v2\/users\/2"}],"replies":[{"embeddable":true,"href":"https:\/\/sindsaudeba.org.br\/portal\/wp-json\/wp\/v2\/comments?post=16077"}],"version-history":[{"count":5,"href":"https:\/\/sindsaudeba.org.br\/portal\/wp-json\/wp\/v2\/posts\/16077\/revisions"}],"predecessor-version":[{"id":16092,"href":"https:\/\/sindsaudeba.org.br\/portal\/wp-json\/wp\/v2\/posts\/16077\/revisions\/16092"}],"wp:featuredmedia":[{"embeddable":true,"href":"https:\/\/sindsaudeba.org.br\/portal\/wp-json\/wp\/v2\/media\/16078"}],"wp:attachment":[{"href":"https:\/\/sindsaudeba.org.br\/portal\/wp-json\/wp\/v2\/media?parent=16077"}],"wp:term":[{"taxonomy":"category","embeddable":true,"href":"https:\/\/sindsaudeba.org.br\/portal\/wp-json\/wp\/v2\/categories?post=16077"},{"taxonomy":"post_tag","embeddable":true,"href":"https:\/\/sindsaudeba.org.br\/portal\/wp-json\/wp\/v2\/tags?post=16077"}],"curies":[{"name":"wp","href":"https:\/\/api.w.org\/{rel}","templated":true}]}}