{"id":16071,"date":"2021-05-19T13:47:41","date_gmt":"2021-05-19T16:47:41","guid":{"rendered":"https:\/\/sindsaudeba.org.br\/portal\/?p=16071"},"modified":"2021-05-23T20:31:51","modified_gmt":"2021-05-23T23:31:51","slug":"debate-fortalece-a-importancia-da-unidade-e-luta-coletiva","status":"publish","type":"post","link":"https:\/\/sindsaudeba.org.br\/portal\/blog\/debate-fortalece-a-importancia-da-unidade-e-luta-coletiva\/","title":{"rendered":"Debate fortalece a import\u00e2ncia da unidade e luta coletiva."},"content":{"rendered":"<p><img loading=\"lazy\" class=\"size-medium wp-image-16072 alignleft\" src=\"https:\/\/sindsaudeba.org.br\/portal\/wp-content\/uploads\/2021\/05\/WhatsApp-Image-2021-05-18-at-18.00.03-300x200.jpeg\" alt=\"\" width=\"300\" height=\"200\" srcset=\"https:\/\/sindsaudeba.org.br\/portal\/wp-content\/uploads\/2021\/05\/WhatsApp-Image-2021-05-18-at-18.00.03-300x200.jpeg 300w, https:\/\/sindsaudeba.org.br\/portal\/wp-content\/uploads\/2021\/05\/WhatsApp-Image-2021-05-18-at-18.00.03-1024x682.jpeg 1024w, https:\/\/sindsaudeba.org.br\/portal\/wp-content\/uploads\/2021\/05\/WhatsApp-Image-2021-05-18-at-18.00.03-768x512.jpeg 768w, https:\/\/sindsaudeba.org.br\/portal\/wp-content\/uploads\/2021\/05\/WhatsApp-Image-2021-05-18-at-18.00.03-700x466.jpeg 700w, https:\/\/sindsaudeba.org.br\/portal\/wp-content\/uploads\/2021\/05\/WhatsApp-Image-2021-05-18-at-18.00.03.jpeg 1280w\" sizes=\"(max-width: 300px) 100vw, 300px\" \/><\/p>\n<p>Saber a diferen\u00e7a entre conselho e sindicato \u00e9 o primeiro passo para entender nossos direitos. Nesta ter\u00e7a-feira,\u00a0 18 de maio, a diretora de Comunica\u00e7\u00e3o do SindSa\u00fade-BA, Dart Clair Cerqueira esteve presente na Comemora\u00e7\u00e3o da Semana de Enfermagem do Hospital Col\u00f4nia Lopes Rodrigues a convite da Respons\u00e1vel T\u00e9cnica Djane Ferreira Lima, seguindo todos os protocolos sanit\u00e1rios, foi realizado uma palestra sobre a Import\u00e2ncia da Quest\u00f5es \u00c9ticas e Sindicais para o Fortalecimento e Empoderamento da Enfermagem.<\/p>\n<p>Para Dart Clair &#8220;\u00c9 de extrema import\u00e2ncia para nossa classe conhecer o papel e o que compete a cada entidade que nos representam, obter o conhecimento, saber que devemos buscar apoio nas entidades sindicais para para resolver quest\u00f5es trabalhistas ou o Conselho nas quest\u00f5es \u00e9ticas, \u00e9 fundamental para o fortalecimento da nossa profiss\u00e3o, nesse momento de crise vimos o quanto as entidades sindicais s\u00e3o importantes na luta para garantir os direitos dos trabalhadores&#8221;, ressaltou a diretora.<\/p>\n<p><img loading=\"lazy\" class=\"size-medium wp-image-16073 alignleft\" src=\"https:\/\/sindsaudeba.org.br\/portal\/wp-content\/uploads\/2021\/05\/WhatsApp-Image-2021-05-19-at-13.45.18-260x300.jpeg\" alt=\"\" width=\"260\" height=\"300\" srcset=\"https:\/\/sindsaudeba.org.br\/portal\/wp-content\/uploads\/2021\/05\/WhatsApp-Image-2021-05-19-at-13.45.18-260x300.jpeg 260w, https:\/\/sindsaudeba.org.br\/portal\/wp-content\/uploads\/2021\/05\/WhatsApp-Image-2021-05-19-at-13.45.18-887x1024.jpeg 887w, https:\/\/sindsaudeba.org.br\/portal\/wp-content\/uploads\/2021\/05\/WhatsApp-Image-2021-05-19-at-13.45.18-768x886.jpeg 768w, https:\/\/sindsaudeba.org.br\/portal\/wp-content\/uploads\/2021\/05\/WhatsApp-Image-2021-05-19-at-13.45.18-700x808.jpeg 700w, https:\/\/sindsaudeba.org.br\/portal\/wp-content\/uploads\/2021\/05\/WhatsApp-Image-2021-05-19-at-13.45.18.jpeg 1109w\" sizes=\"(max-width: 260px) 100vw, 260px\" \/>A presidente Ivanilda Brito (SindSa\u00fadeBa) parabenizou a iniciativa. \u201cA\u00e7\u00f5es como essa diminuir\u00e1 o ru\u00eddo nas informa\u00e7\u00f5es, nunca foi f\u00e1cil nossa luta pelos nossos direitos, parab\u00e9ns a todos colegas da sa\u00fade e continuamos a pedi:\u00a0 liguem para nosso sindicato\u201d, pontuou Ivanilda.<\/p>\n<p>Fizeram parte desse momento o Coordenador da equipe de Comunica\u00e7\u00e3o Jelber Cedraz e os trabalhadores da unidade.<\/p>\n<p>&nbsp;<\/p>\n<p>Juntos somos mais fortes!<\/p>\n<p><img loading=\"lazy\" class=\"alignnone size-medium wp-image-16074\" src=\"https:\/\/sindsaudeba.org.br\/portal\/wp-content\/uploads\/2021\/05\/WhatsApp-Image-2021-05-05-at-13.16.31-283x300.jpeg\" alt=\"\" width=\"283\" height=\"300\" srcset=\"https:\/\/sindsaudeba.org.br\/portal\/wp-content\/uploads\/2021\/05\/WhatsApp-Image-2021-05-05-at-13.16.31-283x300.jpeg 283w, https:\/\/sindsaudeba.org.br\/portal\/wp-content\/uploads\/2021\/05\/WhatsApp-Image-2021-05-05-at-13.16.31-964x1024.jpeg 964w, https:\/\/sindsaudeba.org.br\/portal\/wp-content\/uploads\/2021\/05\/WhatsApp-Image-2021-05-05-at-13.16.31-768x815.jpeg 768w, https:\/\/sindsaudeba.org.br\/portal\/wp-content\/uploads\/2021\/05\/WhatsApp-Image-2021-05-05-at-13.16.31-700x743.jpeg 700w, https:\/\/sindsaudeba.org.br\/portal\/wp-content\/uploads\/2021\/05\/WhatsApp-Image-2021-05-05-at-13.16.31.jpeg 1085w\" sizes=\"(max-width: 283px) 100vw, 283px\" \/><\/p>\n","protected":false},"excerpt":{"rendered":"<p>Saber a diferen\u00e7a entre conselho e sindicato \u00e9 o primeiro passo para entender nossos direitos. Nesta ter\u00e7a-feira,\u00a0 18 de maio, a diretora de Comunica\u00e7\u00e3o do SindSa\u00fade-BA, Dart Clair Cerqueira esteve presente na Comemora\u00e7\u00e3o da Semana de Enfermagem do Hospital Col\u00f4nia Lopes Rodrigues a convite da&#8230;<\/p>\n","protected":false},"author":2,"featured_media":16075,"comment_status":"open","ping_status":"open","sticky":false,"template":"","format":"standard","meta":[],"categories":[11,6,7],"tags":[],"amp_validity":null,"amp_enabled":true,"_links":{"self":[{"href":"https:\/\/sindsaudeba.org.br\/portal\/wp-json\/wp\/v2\/posts\/16071"}],"collection":[{"href":"https:\/\/sindsaudeba.org.br\/portal\/wp-json\/wp\/v2\/posts"}],"about":[{"href":"https:\/\/sindsaudeba.org.br\/portal\/wp-json\/wp\/v2\/types\/post"}],"author":[{"embeddable":true,"href":"https:\/\/sindsaudeba.org.br\/portal\/wp-json\/wp\/v2\/users\/2"}],"replies":[{"embeddable":true,"href":"https:\/\/sindsaudeba.org.br\/portal\/wp-json\/wp\/v2\/comments?post=16071"}],"version-history":[{"count":3,"href":"https:\/\/sindsaudeba.org.br\/portal\/wp-json\/wp\/v2\/posts\/16071\/revisions"}],"predecessor-version":[{"id":16096,"href":"https:\/\/sindsaudeba.org.br\/portal\/wp-json\/wp\/v2\/posts\/16071\/revisions\/16096"}],"wp:featuredmedia":[{"embeddable":true,"href":"https:\/\/sindsaudeba.org.br\/portal\/wp-json\/wp\/v2\/media\/16075"}],"wp:attachment":[{"href":"https:\/\/sindsaudeba.org.br\/portal\/wp-json\/wp\/v2\/media?parent=16071"}],"wp:term":[{"taxonomy":"category","embeddable":true,"href":"https:\/\/sindsaudeba.org.br\/portal\/wp-json\/wp\/v2\/categories?post=16071"},{"taxonomy":"post_tag","embeddable":true,"href":"https:\/\/sindsaudeba.org.br\/portal\/wp-json\/wp\/v2\/tags?post=16071"}],"curies":[{"name":"wp","href":"https:\/\/api.w.org\/{rel}","templated":true}]}}