{"id":16068,"date":"2021-05-18T13:48:48","date_gmt":"2021-05-18T16:48:48","guid":{"rendered":"https:\/\/sindsaudeba.org.br\/portal\/?p=16068"},"modified":"2021-05-18T13:54:37","modified_gmt":"2021-05-18T16:54:37","slug":"servidores-sao-surpreendidos-com-a-possibilidade-de-uma-terceira-reforma-da-previdencia","status":"publish","type":"post","link":"https:\/\/sindsaudeba.org.br\/portal\/blog\/servidores-sao-surpreendidos-com-a-possibilidade-de-uma-terceira-reforma-da-previdencia\/","title":{"rendered":"Servidores s\u00e3o surpreendidos com a possibilidade de uma terceira reforma da previd\u00eancia"},"content":{"rendered":"<p><img loading=\"lazy\" class=\"size-medium wp-image-16069 alignleft\" src=\"https:\/\/sindsaudeba.org.br\/portal\/wp-content\/uploads\/2021\/05\/O-que-esta-por-tras-da-reforma-da-previdencia_EDIT-300x200.jpeg\" alt=\"\" width=\"300\" height=\"200\" srcset=\"https:\/\/sindsaudeba.org.br\/portal\/wp-content\/uploads\/2021\/05\/O-que-esta-por-tras-da-reforma-da-previdencia_EDIT-300x200.jpeg 300w, https:\/\/sindsaudeba.org.br\/portal\/wp-content\/uploads\/2021\/05\/O-que-esta-por-tras-da-reforma-da-previdencia_EDIT-768x512.jpeg 768w, https:\/\/sindsaudeba.org.br\/portal\/wp-content\/uploads\/2021\/05\/O-que-esta-por-tras-da-reforma-da-previdencia_EDIT-700x467.jpeg 700w, https:\/\/sindsaudeba.org.br\/portal\/wp-content\/uploads\/2021\/05\/O-que-esta-por-tras-da-reforma-da-previdencia_EDIT.jpeg 900w\" sizes=\"(max-width: 300px) 100vw, 300px\" \/><\/p>\n<p>Os servidores estaduais come\u00e7aram a semana com uma surpresa. O governador Rui soltou a informa\u00e7\u00e3o de que pretende realizar uma terceira reforma da previd\u00eancia. O F\u00f3rum dos Sindicatos de Servidores P\u00fablicos, atrav\u00e9s do Sindsa\u00fadeBa, j\u00e1 solicitou uma reuni\u00e3o a SERIN, Secretaria Institucional de Governo, e SAEB, Secretaria da Administra\u00e7\u00e3o para se ter mais informa\u00e7\u00f5es sobre o projeto.<\/p>\n<p>Quase nada se sabe sobre est\u00e1 poss\u00edvel nova altera\u00e7\u00e3o no sistema previdenci\u00e1rio do estado. Todos est\u00e3o aguardando um pronunciamento do governo.<\/p>\n<p>De acordo com Ivanilda Brito, presidente do Sindsa\u00fade Bahia, os servidores est\u00e3o cansados se surpresas. \u201cDiante das condi\u00e7\u00f5es em que se encontra a crise sanit\u00e1ria de sa\u00fade, queremos acreditar que o governo estar\u00e1 propondo pontos de alta prote\u00e7\u00e3o, ou seja, no caso das aposentadorias que teria que ser publicada dentro de 180 dias, contudo isso n\u00e3o vem ocorrendo e os servidores corretamente est\u00e3o judicializando o atraso da publica\u00e7\u00e3o da aposentadoria cobrando o que esta descrito no artigo 56 da Lei 14.250\/20\u201d, pontou Ivanilda.<\/p>\n<p><img loading=\"lazy\" class=\"size-medium wp-image-16041 alignleft\" src=\"https:\/\/sindsaudeba.org.br\/portal\/wp-content\/uploads\/2021\/05\/WhatsApp-Image-2021-05-04-at-10.49.19-300x300.jpeg\" alt=\"\" width=\"300\" height=\"300\" srcset=\"https:\/\/sindsaudeba.org.br\/portal\/wp-content\/uploads\/2021\/05\/WhatsApp-Image-2021-05-04-at-10.49.19-300x300.jpeg 300w, https:\/\/sindsaudeba.org.br\/portal\/wp-content\/uploads\/2021\/05\/WhatsApp-Image-2021-05-04-at-10.49.19-150x150.jpeg 150w, https:\/\/sindsaudeba.org.br\/portal\/wp-content\/uploads\/2021\/05\/WhatsApp-Image-2021-05-04-at-10.49.19-768x768.jpeg 768w, https:\/\/sindsaudeba.org.br\/portal\/wp-content\/uploads\/2021\/05\/WhatsApp-Image-2021-05-04-at-10.49.19-570x570.jpeg 570w, https:\/\/sindsaudeba.org.br\/portal\/wp-content\/uploads\/2021\/05\/WhatsApp-Image-2021-05-04-at-10.49.19-500x500.jpeg 500w, https:\/\/sindsaudeba.org.br\/portal\/wp-content\/uploads\/2021\/05\/WhatsApp-Image-2021-05-04-at-10.49.19-1000x1000.jpeg 1000w, https:\/\/sindsaudeba.org.br\/portal\/wp-content\/uploads\/2021\/05\/WhatsApp-Image-2021-05-04-at-10.49.19-700x700.jpeg 700w, https:\/\/sindsaudeba.org.br\/portal\/wp-content\/uploads\/2021\/05\/WhatsApp-Image-2021-05-04-at-10.49.19.jpeg 1024w\" sizes=\"(max-width: 300px) 100vw, 300px\" \/>&#8211; N\u00f3s servidores n\u00e3o temos mais o que ser retirado dos nossos contracheques, chega de redu\u00e7\u00e3o de remunera\u00e7\u00e3o. Estamos h\u00e1 seis anos sem reposi\u00e7\u00e3o salarial, o que queremos \u00e9 abertura da mesa de negocia\u00e7\u00e3o para tratar do nosso reajuste em 2022. Sabemos que infelizmente estamos impactados pela Lei complementar 173\/2020, mais n\u00e3o nos impede do processo de organiza\u00e7\u00e3o e discuss\u00e3o sobre nossas pautas para o pr\u00f3ximo ano, completou a presidente.<\/p>\n<p>Ivanilda ainda acrescenta que cabe aos sindicatos estarem atentos ao envio do projeto a ALBA e aguardar que deputados (as) nos repassem o projeto para que as propostas de mudan\u00e7as trazidas pelo governo, sejam analisadas. \u201cPrecisamos unir for\u00e7as e conhecimento. Sem o conte\u00fado do projeto em m\u00e3os, n\u00e3o tem como os sindicatos darem retorno as suas bases. Compreendemos o anseio e ang\u00fastia e nos colocamos no lugar de cada um de voc\u00eas\u201d, concluiu.<\/p>\n","protected":false},"excerpt":{"rendered":"<p>Os servidores estaduais come\u00e7aram a semana com uma surpresa. O governador Rui soltou a informa\u00e7\u00e3o de que pretende realizar uma terceira reforma da previd\u00eancia. O F\u00f3rum dos Sindicatos de Servidores P\u00fablicos, atrav\u00e9s do Sindsa\u00fadeBa, j\u00e1 solicitou uma reuni\u00e3o a SERIN, Secretaria Institucional de Governo, e&#8230;<\/p>\n","protected":false},"author":2,"featured_media":16069,"comment_status":"open","ping_status":"open","sticky":false,"template":"","format":"standard","meta":[],"categories":[11,6,7],"tags":[],"amp_validity":null,"amp_enabled":true,"_links":{"self":[{"href":"https:\/\/sindsaudeba.org.br\/portal\/wp-json\/wp\/v2\/posts\/16068"}],"collection":[{"href":"https:\/\/sindsaudeba.org.br\/portal\/wp-json\/wp\/v2\/posts"}],"about":[{"href":"https:\/\/sindsaudeba.org.br\/portal\/wp-json\/wp\/v2\/types\/post"}],"author":[{"embeddable":true,"href":"https:\/\/sindsaudeba.org.br\/portal\/wp-json\/wp\/v2\/users\/2"}],"replies":[{"embeddable":true,"href":"https:\/\/sindsaudeba.org.br\/portal\/wp-json\/wp\/v2\/comments?post=16068"}],"version-history":[{"count":1,"href":"https:\/\/sindsaudeba.org.br\/portal\/wp-json\/wp\/v2\/posts\/16068\/revisions"}],"predecessor-version":[{"id":16070,"href":"https:\/\/sindsaudeba.org.br\/portal\/wp-json\/wp\/v2\/posts\/16068\/revisions\/16070"}],"wp:featuredmedia":[{"embeddable":true,"href":"https:\/\/sindsaudeba.org.br\/portal\/wp-json\/wp\/v2\/media\/16069"}],"wp:attachment":[{"href":"https:\/\/sindsaudeba.org.br\/portal\/wp-json\/wp\/v2\/media?parent=16068"}],"wp:term":[{"taxonomy":"category","embeddable":true,"href":"https:\/\/sindsaudeba.org.br\/portal\/wp-json\/wp\/v2\/categories?post=16068"},{"taxonomy":"post_tag","embeddable":true,"href":"https:\/\/sindsaudeba.org.br\/portal\/wp-json\/wp\/v2\/tags?post=16068"}],"curies":[{"name":"wp","href":"https:\/\/api.w.org\/{rel}","templated":true}]}}