{"id":16065,"date":"2021-05-14T15:07:41","date_gmt":"2021-05-14T18:07:41","guid":{"rendered":"https:\/\/sindsaudeba.org.br\/portal\/?p=16065"},"modified":"2021-05-23T20:34:36","modified_gmt":"2021-05-23T23:34:36","slug":"hospital-roberto-santos-realiza-acao-de-controle-a-infeccao-hospitalar","status":"publish","type":"post","link":"https:\/\/sindsaudeba.org.br\/portal\/blog\/hospital-roberto-santos-realiza-acao-de-controle-a-infeccao-hospitalar\/","title":{"rendered":"Hospital Roberto Santos realiza a\u00e7\u00e3o de Controle a Infec\u00e7\u00e3o Hospitalar"},"content":{"rendered":"<p><img loading=\"lazy\" class=\"size-medium wp-image-16066 alignleft\" src=\"https:\/\/sindsaudeba.org.br\/portal\/wp-content\/uploads\/2021\/05\/WhatsApp-Image-2021-05-14-at-11.08.02-300x225.jpeg\" alt=\"\" width=\"300\" height=\"225\" srcset=\"https:\/\/sindsaudeba.org.br\/portal\/wp-content\/uploads\/2021\/05\/WhatsApp-Image-2021-05-14-at-11.08.02-300x225.jpeg 300w, https:\/\/sindsaudeba.org.br\/portal\/wp-content\/uploads\/2021\/05\/WhatsApp-Image-2021-05-14-at-11.08.02-1024x768.jpeg 1024w, https:\/\/sindsaudeba.org.br\/portal\/wp-content\/uploads\/2021\/05\/WhatsApp-Image-2021-05-14-at-11.08.02-768x576.jpeg 768w, https:\/\/sindsaudeba.org.br\/portal\/wp-content\/uploads\/2021\/05\/WhatsApp-Image-2021-05-14-at-11.08.02-800x600.jpeg 800w, https:\/\/sindsaudeba.org.br\/portal\/wp-content\/uploads\/2021\/05\/WhatsApp-Image-2021-05-14-at-11.08.02-700x525.jpeg 700w, https:\/\/sindsaudeba.org.br\/portal\/wp-content\/uploads\/2021\/05\/WhatsApp-Image-2021-05-14-at-11.08.02.jpeg 1280w\" sizes=\"(max-width: 300px) 100vw, 300px\" \/><\/p>\n<p>O s\u00e1bado, 15 de maio, \u00e9 o dia Mundial de Controle a Infec\u00e7\u00e3o Hospitalar. No Brasil, tamb\u00e9m, \u00e9 comemorado o Dia Nacional. \u00a0A data foi criada com o objetivo de conscientizar autoridades sanit\u00e1rias, diretores de institui\u00e7\u00f5es e trabalhadores de sa\u00fade sobre a import\u00e2ncia do controle das infec\u00e7\u00f5es. Foi institu\u00edda, por meio da Lei no 11.723, de 23 de junho de 2008 o Dia Nacional do Controle da Infec\u00e7\u00e3o Hospitalar.<\/p>\n<p>&nbsp;<\/p>\n<p>O dia est\u00e1 sendo lembrado no Hospital Roberto Santos, em Salvador. Na unidade est\u00e1 sendo realizada uma a\u00e7\u00e3o de conscientiza\u00e7\u00e3o da import\u00e2ncia do correta e permanente higieniza\u00e7\u00e3o das m\u00e3os, principalmente na hora de manusear medicamentos no contato com os pacientes.<\/p>\n<p>Pedro Piraj\u00e1, conselheiro do Sindsa\u00fade, est\u00e1 \u00e0 frente da a\u00e7\u00e3o e fala da import\u00e2ncia de se tomar todo cuidado dentro do Hospital para evitar infec\u00e7\u00f5es hospitalares. \u201cEm alguns momentos, n\u00f3s ficamos sem sab\u00e3o e se toalha aqui dentro da unidade, por isto, se faz necess\u00e1rio conscientizar a import\u00e2ncia de se higienizar as m\u00e3os correta e permanente. Essa \u00e9 a forma mais simples e efetiva de evitar a transmiss\u00e3o de infec\u00e7\u00f5es em ambiente hospitalar. \u00a0O Hospital Roberto Santos \u00e9 de portas abertas, recebemos todos os tipos de pessoas. Ent\u00e3o, s\u00e3o muito necess\u00e1rios esses cuidados para ter controle da infec\u00e7\u00e3o hospitalar\u201d, pontuou o Pedro.<\/p>\n<p>&nbsp;<\/p>\n<p>Higienizar as m\u00e3os \u00e9 uma recomenda\u00e7\u00e3o que vale tanto para profissionais de sa\u00fade, sejam m\u00e9dicos, enfermeiros, t\u00e9cnicos e auxiliares de enfermagem, quanto para visitantes e tamb\u00e9m pacientes.<\/p>\n<p>A secret\u00e1ria geral do Sindsa\u00fade Bahia, Laurinda Lula Machado, que trabalhou por 34 anos, como enfermeira em hospitais de salvador, enfatiza que a higieniza\u00e7\u00e3o das m\u00e3os \u00e9 o principal de meio de controlar a infec\u00e7\u00e3o hospitalar. Laurinda que trabalhou por seis anos, no n\u00facleo de controle de infec\u00e7\u00e3o hospitalar do Hospital Couto Maia, acrescenta que toda a equipe tem que ter o cuidado de lavar corretamente as m\u00e3os.<\/p>\n<p>&nbsp;<\/p>\n<p>&#8211; Pode ter \u00e1lcool em gel, o profissional seguir todos os protocolos de seguran\u00e7a, mas \u00e9 preciso antes de tudo, lavar corretamente as m\u00e3os, com \u00e1gua e sab\u00e3o. O paciente precisa ter a tranquilidade de estar num ambiente limpo. A unidade de sa\u00fade pode ser responsabilizada judicialmente, por um erro cometido por um profissional da sa\u00fade, caso ocorra uma infec\u00e7\u00e3o hospitalar, concluiu a secret\u00e1ria.<\/p>\n<p>&nbsp;<\/p>\n<p>Para a presidente do SindSa\u00fadeBa, Ivanilda Brito, n\u00e3o \u00e9 f\u00e1cil defender nossos direitos e nos proteger. \u201cEstou feliz ao ver colegas mobilizando outros para dialogarmos sobre esse tema bastante importante que \u00e9 o Controle da Infec\u00e7\u00e3o Hospitalar, por isso, o nosso papel da entidade, al\u00e9m dos nossos direitos, onde s\u00f3 vamos conseguir com unidade, precisamos salvar vida, parab\u00e9ns a todos os servidores que puderam participar&#8230;\u201d, pontuou.<\/p>\n","protected":false},"excerpt":{"rendered":"<p>O s\u00e1bado, 15 de maio, \u00e9 o dia Mundial de Controle a Infec\u00e7\u00e3o Hospitalar. No Brasil, tamb\u00e9m, \u00e9 comemorado o Dia Nacional. \u00a0A data foi criada com o objetivo de conscientizar autoridades sanit\u00e1rias, diretores de institui\u00e7\u00f5es e trabalhadores de sa\u00fade sobre a import\u00e2ncia do controle&#8230;<\/p>\n","protected":false},"author":2,"featured_media":16066,"comment_status":"open","ping_status":"open","sticky":false,"template":"","format":"standard","meta":[],"categories":[11,6,7],"tags":[],"amp_validity":null,"amp_enabled":true,"_links":{"self":[{"href":"https:\/\/sindsaudeba.org.br\/portal\/wp-json\/wp\/v2\/posts\/16065"}],"collection":[{"href":"https:\/\/sindsaudeba.org.br\/portal\/wp-json\/wp\/v2\/posts"}],"about":[{"href":"https:\/\/sindsaudeba.org.br\/portal\/wp-json\/wp\/v2\/types\/post"}],"author":[{"embeddable":true,"href":"https:\/\/sindsaudeba.org.br\/portal\/wp-json\/wp\/v2\/users\/2"}],"replies":[{"embeddable":true,"href":"https:\/\/sindsaudeba.org.br\/portal\/wp-json\/wp\/v2\/comments?post=16065"}],"version-history":[{"count":3,"href":"https:\/\/sindsaudeba.org.br\/portal\/wp-json\/wp\/v2\/posts\/16065\/revisions"}],"predecessor-version":[{"id":16098,"href":"https:\/\/sindsaudeba.org.br\/portal\/wp-json\/wp\/v2\/posts\/16065\/revisions\/16098"}],"wp:featuredmedia":[{"embeddable":true,"href":"https:\/\/sindsaudeba.org.br\/portal\/wp-json\/wp\/v2\/media\/16066"}],"wp:attachment":[{"href":"https:\/\/sindsaudeba.org.br\/portal\/wp-json\/wp\/v2\/media?parent=16065"}],"wp:term":[{"taxonomy":"category","embeddable":true,"href":"https:\/\/sindsaudeba.org.br\/portal\/wp-json\/wp\/v2\/categories?post=16065"},{"taxonomy":"post_tag","embeddable":true,"href":"https:\/\/sindsaudeba.org.br\/portal\/wp-json\/wp\/v2\/tags?post=16065"}],"curies":[{"name":"wp","href":"https:\/\/api.w.org\/{rel}","templated":true}]}}