{"id":16062,"date":"2021-05-13T15:35:17","date_gmt":"2021-05-13T18:35:17","guid":{"rendered":"https:\/\/sindsaudeba.org.br\/portal\/?p=16062"},"modified":"2021-05-20T14:53:14","modified_gmt":"2021-05-20T17:53:14","slug":"sindsaudeba-reuni-com-supher-sesab","status":"publish","type":"post","link":"https:\/\/sindsaudeba.org.br\/portal\/blog\/sindsaudeba-reuni-com-supher-sesab\/","title":{"rendered":"SINDSAUDEBA SUPHER &#8211; SESAB"},"content":{"rendered":"<p><strong><img loading=\"lazy\" class=\"size-full wp-image-16063 alignleft\" src=\"https:\/\/sindsaudeba.org.br\/portal\/wp-content\/uploads\/2021\/05\/unnamed-4.jpg\" alt=\"\" width=\"262\" height=\"176\" \/>\u00a0<\/strong><\/p>\n<p>O Sindsa\u00fade-Ba, atrav\u00e9s da sua presidenta Ivanilda Brito e Juc\u00e9lia Fernandes (RH) reuniram-se no dia 05\/05\/2021 \u00e0s 15h, com a Superintendente de Recursos Humanos da SESAB senhora Jana\u00edna Peralta, diretor da DGTES senhor Bruno Guimar\u00e3es.<\/p>\n<p>Levando as demandas dos trabalhadores para serem discutidas e, juntos buscarmos solu\u00e7\u00f5es.<\/p>\n<p>Discutimos sobre a atual situa\u00e7\u00e3o dos servidores e servidoras com processos de aposentadorias, que est\u00e3o dependendo do INSS para emitir certid\u00e3o, de modo a prosseguir com a tramita\u00e7\u00e3o dos processos.<\/p>\n<p>O retorno dos servidores do (antigo Hospital Carib\u00e9) para a nova estrutura que leva o nome de Maternidade<strong> <u>Maria da Conceic\u0327a\u0303o Santos de Jesus<\/u> (homenagem a enfermeira e diretora da maternidade Albert Sabin acometida pela COVID 19 que venho a \u00f3bito no ano de 2020). A nova maternidade ter\u00e1 administra\u00e7\u00e3o direta da SESAB, not\u00edcia que foi muito bem vinda. <\/strong><\/p>\n<p>A amplia\u00e7\u00e3o da jornada de 40 h para os servidores do Administrativo-ADM, com carga hor\u00e1ria de 30h. Contudo, a gest\u00e3o local tem criando dificuldades em n\u00e3o assinar o RDV dos servidores que solicitam. Afinal, isso foi um acordo com o governador diante da incompatibilidade com a GID, para os servidores que laboram 30 horas e que n\u00e3o foram contemplados quando da implanta\u00e7\u00e3o em agosto de 2019.<\/p>\n<p>Situa\u00e7\u00e3o dos servidores do HEOM, que ficou de agendar reuni\u00e3o especifica para tratar dessa demanda.<\/p>\n<p>V\u00e1rias outras demandas que j\u00e1 se encontram em andamento, transfer\u00eancias, extens\u00e3o de carga hor\u00e1ria, processos de aposentadorias, etc.<\/p>\n<p>Estamos de olho!<\/p>\n","protected":false},"excerpt":{"rendered":"<p>\u00a0 O Sindsa\u00fade-Ba, atrav\u00e9s da sua presidenta Ivanilda Brito e Juc\u00e9lia Fernandes (RH) reuniram-se no dia 05\/05\/2021 \u00e0s 15h, com a Superintendente de Recursos Humanos da SESAB senhora Jana\u00edna Peralta, diretor da DGTES senhor Bruno Guimar\u00e3es. Levando as demandas dos trabalhadores para serem discutidas e,&#8230;<\/p>\n","protected":false},"author":2,"featured_media":16063,"comment_status":"open","ping_status":"open","sticky":false,"template":"","format":"standard","meta":[],"categories":[11,6,7],"tags":[],"amp_validity":null,"amp_enabled":true,"_links":{"self":[{"href":"https:\/\/sindsaudeba.org.br\/portal\/wp-json\/wp\/v2\/posts\/16062"}],"collection":[{"href":"https:\/\/sindsaudeba.org.br\/portal\/wp-json\/wp\/v2\/posts"}],"about":[{"href":"https:\/\/sindsaudeba.org.br\/portal\/wp-json\/wp\/v2\/types\/post"}],"author":[{"embeddable":true,"href":"https:\/\/sindsaudeba.org.br\/portal\/wp-json\/wp\/v2\/users\/2"}],"replies":[{"embeddable":true,"href":"https:\/\/sindsaudeba.org.br\/portal\/wp-json\/wp\/v2\/comments?post=16062"}],"version-history":[{"count":2,"href":"https:\/\/sindsaudeba.org.br\/portal\/wp-json\/wp\/v2\/posts\/16062\/revisions"}],"predecessor-version":[{"id":16081,"href":"https:\/\/sindsaudeba.org.br\/portal\/wp-json\/wp\/v2\/posts\/16062\/revisions\/16081"}],"wp:featuredmedia":[{"embeddable":true,"href":"https:\/\/sindsaudeba.org.br\/portal\/wp-json\/wp\/v2\/media\/16063"}],"wp:attachment":[{"href":"https:\/\/sindsaudeba.org.br\/portal\/wp-json\/wp\/v2\/media?parent=16062"}],"wp:term":[{"taxonomy":"category","embeddable":true,"href":"https:\/\/sindsaudeba.org.br\/portal\/wp-json\/wp\/v2\/categories?post=16062"},{"taxonomy":"post_tag","embeddable":true,"href":"https:\/\/sindsaudeba.org.br\/portal\/wp-json\/wp\/v2\/tags?post=16062"}],"curies":[{"name":"wp","href":"https:\/\/api.w.org\/{rel}","templated":true}]}}