{"id":16055,"date":"2021-05-13T12:39:21","date_gmt":"2021-05-13T15:39:21","guid":{"rendered":"https:\/\/sindsaudeba.org.br\/portal\/?p=16055"},"modified":"2021-05-13T14:15:23","modified_gmt":"2021-05-13T17:15:23","slug":"de-servidor-publico-do-poder-executivo-do-estado-da-bahia-ao-excelentissimo-governador-do-estado-da-bahia","status":"publish","type":"post","link":"https:\/\/sindsaudeba.org.br\/portal\/blog\/de-servidor-publico-do-poder-executivo-do-estado-da-bahia-ao-excelentissimo-governador-do-estado-da-bahia\/","title":{"rendered":"DE SERVIDOR PUBLICO DO PODER EXECUTIVO DO ESTADO DA BAHIA, AO EXCELENT\u00cdSSIMO GOVERNADOR DO ESTADO DA BAHIA\u00a0"},"content":{"rendered":"<p><u>CARTAS ABERTA<\/u><\/p>\n<p><img loading=\"lazy\" class=\"size-medium wp-image-16056 alignleft\" src=\"https:\/\/sindsaudeba.org.br\/portal\/wp-content\/uploads\/2021\/05\/carta-aberta-300x157.jpg\" alt=\"\" width=\"300\" height=\"157\" srcset=\"https:\/\/sindsaudeba.org.br\/portal\/wp-content\/uploads\/2021\/05\/carta-aberta-300x157.jpg 300w, https:\/\/sindsaudeba.org.br\/portal\/wp-content\/uploads\/2021\/05\/carta-aberta-1024x536.jpg 1024w, https:\/\/sindsaudeba.org.br\/portal\/wp-content\/uploads\/2021\/05\/carta-aberta-768x402.jpg 768w, https:\/\/sindsaudeba.org.br\/portal\/wp-content\/uploads\/2021\/05\/carta-aberta-700x366.jpg 700w, https:\/\/sindsaudeba.org.br\/portal\/wp-content\/uploads\/2021\/05\/carta-aberta.jpg 1200w\" sizes=\"(max-width: 300px) 100vw, 300px\" \/>DE SERVIDOR PUBLICO DO PODER EXECUTIVO DO ESTADO DA BAHIA, AO EXCELENT\u00cdSSIMO GOVERNADOR DO ESTADO DA BAHIA<\/p>\n<p>Quero saud\u00e1-lo respeitosamente pela sua gest\u00e3o em muitos aspectos infra-estruturantes\u00a0 levando a Bahia a ser\u00a0 vista sobre uma\u00a0 nova \u00f3tica para\u00a0 o futuro todavia \u00e9 preciso tratar bem as pessoas\u00a0 que d\u00e3o vida\u00a0 a este estado nos servi\u00e7os p\u00fablicos. \u00a0Veja h\u00e1 quanto tempo n\u00f3s os servidores p\u00fablicos que representamos o estado perante a popula\u00e7\u00e3o do nascimento at\u00e9 o fim da vida e estamos amargando a falta de reajuste e sequer temos tido qualquer sinaliza\u00e7\u00e3o de aplica\u00e7\u00e3o dos \u00edndices inflacion\u00e1rios que causam seguidas PERDAS DO PODER AQUISITIVO (poder de compra) PORQUE N\u00c3O H\u00c1 REAJUSTE? N\u00e3o h\u00e1 no seu hist\u00f3rico o m\u00ednimo de reajuste durante toda a sua gest\u00e3o de 2014\/2018, tendo renovado seu mandato 2019\/2022 a cartilha \u00e9 a mesma, aus\u00eancia de reajuste linear e a\u00e7\u00f5es de redu\u00e7\u00e3o das gratifica\u00e7\u00f5es hist\u00f3ricas ou retirada das mesmas sob a \u00f3tica de total abandono e regulamenta\u00e7\u00e3o de planos de carreiras e cumprimento legal de outros ora regulamentados, essa n\u00e3o e a pol\u00edtica salarial que almejamos baseada num congelamento dos valores salariais arrocho diante os n\u00edveis inflacion\u00e1rios apresentados atrav\u00e9s dos dados do IPCA e do INPC.<\/p>\n<p>Tenho plena consci\u00eancia da estagna\u00e7\u00e3o econ\u00f4mica pela qual passa o estado, o pa\u00eds e o mundo, todavia n\u00e3o podemos ficar a merc\u00ea das decis\u00f5es do capital e entendemos que provisoriamente esta em vigor a Lei Complementar de N\u00ba 173\/2020, entendo tamb\u00e9m que n\u00e3o h\u00e1 impeditivo na pr\u00e1tica para firmar acordos dentro de um planejamento econ\u00f4mico e estrat\u00e9gico para aplica\u00e7\u00e3o de reajuste linear em 1\u00ba janeiro de 2022, ou vai deixar este recorde fincado como um legado de seu governo de esquerda?\u00a0\u00a0\u00a0 A m\u00e1xima a ser utilizada \u00e9 a mesma do companheiro de partido que disse: \u201c\u201c <strong><em>Cada real na m\u00e3o do pobre volta automaticamente para o com\u00e9rcio<\/em><\/strong><strong><em>, para o consumo e move a economia. Esse dinheiro \u201cn\u00e3o vai para bancos, para derivativos,&#8230;\u201d;<\/em><\/strong> cada real que cair na m\u00e3o do servidor movimenta milh\u00f5es, haja vista que o recurso diante as necessidades gera uma alavancada na economia assegurando o fortalecimento da ind\u00fastria e do com\u00e9rcio e servi\u00e7os da Bahia.\u00a0 A cesta b\u00e1sica, o botij\u00e3o de g\u00e1s, o medicamento e tudo mais que poder\u00edamos listar tem sido um sacrif\u00edcio conquistar m\u00eas a m\u00eas em especial para aposentadas e aposentadas que est\u00e3o com sal\u00e1rios ainda de 2015, o mesmo da gest\u00e3o do seu antecessor estando muito aqu\u00e9m do sal\u00e1rio m\u00ednimo vigente.<\/p>\n<p>Nos servidores estamos presentes na vida da popula\u00e7\u00e3o prestando servi\u00e7os na sa\u00fade, na educa\u00e7\u00e3o, na seguran\u00e7a, dentre outros, e temos as menores remunera\u00e7\u00f5es entre todos os Poderes constitu\u00eddos, (EXECUTIVO, LEGISLATIVO E JUDICIARIO), trago tamb\u00e9m a preocupa\u00e7\u00e3o e quero resposta: quem vai alimentar o fundo previdenci\u00e1rio (FUNPREV) uma vez que n\u00e3o h\u00e1 mais vincula\u00e7\u00e3o de servidores p\u00fablicos, pois n\u00e3o h\u00e1 concurso publico? Vivemos na pr\u00e1tica a realidade do Estado M\u00ednimo? \u00a0Achar servidor que \u00e9 bom para garantir os pilares da legalidade, impessoalidade, moralidade, publicidade e efici\u00eancia est\u00e1 dif\u00edcil!<\/p>\n<p>A moda agora sem razoabilidade e t\u00e3o somente OS, OSIPIS, PPP, ou outras que desconhe\u00e7o sem esquecer-me de falar que nos \u00faltimos concursos onde trabalhadoras(es) ingressaram no novo fundo previdenci\u00e1rio chamado BAPREV; quem vai pagar a minha aposentadoria?\u00a0\u00a0 E para n\u00e3o alongar muito os nossos resultados s\u00e3o medidos por igualdade de oportunidades para todos por isso C<strong>oncurso Publico J\u00e1!\u00a0\u00a0 N<\/strong>\u00e3o, n\u00e3o renunciaremos a essas conquistas, apesar do bloqueio e das agress\u00f5es contra nosso projeto de estado e de pa\u00eds democr\u00e1tico.<\/p>\n<p>Eis parte da verdade dos fatos!<\/p>\n<p>Dijalma Rossi &#8211; Auxiliar administrativo.<\/p>\n","protected":false},"excerpt":{"rendered":"<p>CARTAS ABERTA DE SERVIDOR PUBLICO DO PODER EXECUTIVO DO ESTADO DA BAHIA, AO EXCELENT\u00cdSSIMO GOVERNADOR DO ESTADO DA BAHIA Quero saud\u00e1-lo respeitosamente pela sua gest\u00e3o em muitos aspectos infra-estruturantes\u00a0 levando a Bahia a ser\u00a0 vista sobre uma\u00a0 nova \u00f3tica para\u00a0 o futuro todavia \u00e9 preciso&#8230;<\/p>\n","protected":false},"author":2,"featured_media":16056,"comment_status":"open","ping_status":"open","sticky":false,"template":"","format":"standard","meta":[],"categories":[11,6,7],"tags":[],"amp_validity":null,"amp_enabled":true,"_links":{"self":[{"href":"https:\/\/sindsaudeba.org.br\/portal\/wp-json\/wp\/v2\/posts\/16055"}],"collection":[{"href":"https:\/\/sindsaudeba.org.br\/portal\/wp-json\/wp\/v2\/posts"}],"about":[{"href":"https:\/\/sindsaudeba.org.br\/portal\/wp-json\/wp\/v2\/types\/post"}],"author":[{"embeddable":true,"href":"https:\/\/sindsaudeba.org.br\/portal\/wp-json\/wp\/v2\/users\/2"}],"replies":[{"embeddable":true,"href":"https:\/\/sindsaudeba.org.br\/portal\/wp-json\/wp\/v2\/comments?post=16055"}],"version-history":[{"count":1,"href":"https:\/\/sindsaudeba.org.br\/portal\/wp-json\/wp\/v2\/posts\/16055\/revisions"}],"predecessor-version":[{"id":16057,"href":"https:\/\/sindsaudeba.org.br\/portal\/wp-json\/wp\/v2\/posts\/16055\/revisions\/16057"}],"wp:featuredmedia":[{"embeddable":true,"href":"https:\/\/sindsaudeba.org.br\/portal\/wp-json\/wp\/v2\/media\/16056"}],"wp:attachment":[{"href":"https:\/\/sindsaudeba.org.br\/portal\/wp-json\/wp\/v2\/media?parent=16055"}],"wp:term":[{"taxonomy":"category","embeddable":true,"href":"https:\/\/sindsaudeba.org.br\/portal\/wp-json\/wp\/v2\/categories?post=16055"},{"taxonomy":"post_tag","embeddable":true,"href":"https:\/\/sindsaudeba.org.br\/portal\/wp-json\/wp\/v2\/tags?post=16055"}],"curies":[{"name":"wp","href":"https:\/\/api.w.org\/{rel}","templated":true}]}}