{"id":16052,"date":"2021-05-12T14:12:24","date_gmt":"2021-05-12T17:12:24","guid":{"rendered":"https:\/\/sindsaudeba.org.br\/portal\/?p=16052"},"modified":"2021-05-12T21:27:14","modified_gmt":"2021-05-13T00:27:14","slug":"atos-pela-aprovacao-do-pl-2564-marcam-o-dia-mundial-da-enfermagem-na-bahia","status":"publish","type":"post","link":"https:\/\/sindsaudeba.org.br\/portal\/blog\/atos-pela-aprovacao-do-pl-2564-marcam-o-dia-mundial-da-enfermagem-na-bahia\/","title":{"rendered":"Atos pela aprova\u00e7\u00e3o do PL 2564 marcam o dia Mundial da Enfermagem na Bahia"},"content":{"rendered":"<p><img loading=\"lazy\" class=\"size-medium wp-image-16053 alignleft\" src=\"https:\/\/sindsaudeba.org.br\/portal\/wp-content\/uploads\/2021\/05\/WhatsApp-Image-2021-05-11-at-21.17.31-300x300.jpeg\" alt=\"\" width=\"300\" height=\"300\" srcset=\"https:\/\/sindsaudeba.org.br\/portal\/wp-content\/uploads\/2021\/05\/WhatsApp-Image-2021-05-11-at-21.17.31-300x300.jpeg 300w, https:\/\/sindsaudeba.org.br\/portal\/wp-content\/uploads\/2021\/05\/WhatsApp-Image-2021-05-11-at-21.17.31-1024x1024.jpeg 1024w, https:\/\/sindsaudeba.org.br\/portal\/wp-content\/uploads\/2021\/05\/WhatsApp-Image-2021-05-11-at-21.17.31-150x150.jpeg 150w, https:\/\/sindsaudeba.org.br\/portal\/wp-content\/uploads\/2021\/05\/WhatsApp-Image-2021-05-11-at-21.17.31-768x769.jpeg 768w, https:\/\/sindsaudeba.org.br\/portal\/wp-content\/uploads\/2021\/05\/WhatsApp-Image-2021-05-11-at-21.17.31-570x570.jpeg 570w, https:\/\/sindsaudeba.org.br\/portal\/wp-content\/uploads\/2021\/05\/WhatsApp-Image-2021-05-11-at-21.17.31-500x500.jpeg 500w, https:\/\/sindsaudeba.org.br\/portal\/wp-content\/uploads\/2021\/05\/WhatsApp-Image-2021-05-11-at-21.17.31-1000x1000.jpeg 1000w, https:\/\/sindsaudeba.org.br\/portal\/wp-content\/uploads\/2021\/05\/WhatsApp-Image-2021-05-11-at-21.17.31-700x701.jpeg 700w, https:\/\/sindsaudeba.org.br\/portal\/wp-content\/uploads\/2021\/05\/WhatsApp-Image-2021-05-11-at-21.17.31.jpeg 1080w\" sizes=\"(max-width: 300px) 100vw, 300px\" \/>Em diversas cidades do Estado da Bahia, profissionais de enfermagem se reuniram em atos para protestar nesta quarta-feira (12), dia mundial da Enfermagem. Todos as manifesta\u00e7\u00f5es pediam respeito, valoriza\u00e7\u00e3o e a aprova\u00e7\u00e3o do PL 2564, que institui um piso salarial nacional para enfermeiros, t\u00e9cnicos de enfermagem, auxiliares de enfermagem e parteiras, com a jornada de 30 horas.<\/p>\n<p>&nbsp;<\/p>\n<p>Esta \u00e9 uma luta, que j\u00e1 dura tr\u00eas d\u00e9cadas. Diversos projetos de lei chegaram a ser elaborados, mas nunca foram votados. O PL 2564\/20 do Senador Fabiano Contarato (Rede\/ES), est\u00e1 bem perto de ser votado, no senado. Os profissionais de Sa\u00fade est\u00e3o se mobilizando para que a vota\u00e7\u00e3o aconte\u00e7a e seja implementado nacionalmente, outro desafio enorme que vai exigir unidade de todos juntos aos sindicatos.<\/p>\n<p>Quem n\u00e3o pode ir \u00e0s ruas, se mobilizou dentro das unidades de sa\u00fade onde atuam. Os atos aconteceram em v\u00e1rias unidades espalhadas pelo estado. Com camisas e faixas, que marcam a data, os profissionais reivindicaram, tamb\u00e9m, melhores condi\u00e7\u00f5es de trabalho.<\/p>\n<p><img loading=\"lazy\" class=\"size-medium wp-image-16050 alignleft\" src=\"https:\/\/sindsaudeba.org.br\/portal\/wp-content\/uploads\/2021\/05\/WhatsApp-Image-2021-05-12-at-13.37.37-300x207.jpeg\" alt=\"\" width=\"300\" height=\"207\" srcset=\"https:\/\/sindsaudeba.org.br\/portal\/wp-content\/uploads\/2021\/05\/WhatsApp-Image-2021-05-12-at-13.37.37-300x207.jpeg 300w, https:\/\/sindsaudeba.org.br\/portal\/wp-content\/uploads\/2021\/05\/WhatsApp-Image-2021-05-12-at-13.37.37.jpeg 544w\" sizes=\"(max-width: 300px) 100vw, 300px\" \/>A presidente do Sindsa\u00fade Bahia, Ivanilda Brito, celebrou que os atos estejam ocorrendo por todo estado. \u201cEu sou t\u00e9cnica enfermagem, aposentada, com mais de 40 anos de servi\u00e7o, e na data de hoje ganho um presente de valor inestim\u00e1vel: recebendo as fotos de atos por toda a Bahia, colegas servidores postando fotos com frases de mobiliza\u00e7\u00e3o e luta pelos nossos direitos\u201d, pontuou Ivanilda Brito, presidente do SindSa\u00fadeBa.<\/p>\n","protected":false},"excerpt":{"rendered":"<p>Em diversas cidades do Estado da Bahia, profissionais de enfermagem se reuniram em atos para protestar nesta quarta-feira (12), dia mundial da Enfermagem. Todos as manifesta\u00e7\u00f5es pediam respeito, valoriza\u00e7\u00e3o e a aprova\u00e7\u00e3o do PL 2564, que institui um piso salarial nacional para enfermeiros, t\u00e9cnicos de&#8230;<\/p>\n","protected":false},"author":2,"featured_media":16047,"comment_status":"open","ping_status":"open","sticky":false,"template":"","format":"standard","meta":[],"categories":[11,6,7],"tags":[],"amp_validity":null,"amp_enabled":true,"_links":{"self":[{"href":"https:\/\/sindsaudeba.org.br\/portal\/wp-json\/wp\/v2\/posts\/16052"}],"collection":[{"href":"https:\/\/sindsaudeba.org.br\/portal\/wp-json\/wp\/v2\/posts"}],"about":[{"href":"https:\/\/sindsaudeba.org.br\/portal\/wp-json\/wp\/v2\/types\/post"}],"author":[{"embeddable":true,"href":"https:\/\/sindsaudeba.org.br\/portal\/wp-json\/wp\/v2\/users\/2"}],"replies":[{"embeddable":true,"href":"https:\/\/sindsaudeba.org.br\/portal\/wp-json\/wp\/v2\/comments?post=16052"}],"version-history":[{"count":1,"href":"https:\/\/sindsaudeba.org.br\/portal\/wp-json\/wp\/v2\/posts\/16052\/revisions"}],"predecessor-version":[{"id":16054,"href":"https:\/\/sindsaudeba.org.br\/portal\/wp-json\/wp\/v2\/posts\/16052\/revisions\/16054"}],"wp:featuredmedia":[{"embeddable":true,"href":"https:\/\/sindsaudeba.org.br\/portal\/wp-json\/wp\/v2\/media\/16047"}],"wp:attachment":[{"href":"https:\/\/sindsaudeba.org.br\/portal\/wp-json\/wp\/v2\/media?parent=16052"}],"wp:term":[{"taxonomy":"category","embeddable":true,"href":"https:\/\/sindsaudeba.org.br\/portal\/wp-json\/wp\/v2\/categories?post=16052"},{"taxonomy":"post_tag","embeddable":true,"href":"https:\/\/sindsaudeba.org.br\/portal\/wp-json\/wp\/v2\/tags?post=16052"}],"curies":[{"name":"wp","href":"https:\/\/api.w.org\/{rel}","templated":true}]}}