{"id":16045,"date":"2021-05-12T13:46:52","date_gmt":"2021-05-12T16:46:52","guid":{"rendered":"https:\/\/sindsaudeba.org.br\/portal\/?p=16045"},"modified":"2021-05-12T14:07:21","modified_gmt":"2021-05-12T17:07:21","slug":"na-semana-da-enfermagem-o-que-pedimos-a-sociedade-e-socorro","status":"publish","type":"post","link":"https:\/\/sindsaudeba.org.br\/portal\/blog\/na-semana-da-enfermagem-o-que-pedimos-a-sociedade-e-socorro\/","title":{"rendered":"Na Semana da Enfermagem o que pedimos \u00e0 sociedade \u00e9 socorro!"},"content":{"rendered":"<p><em><img loading=\"lazy\" class=\"size-medium wp-image-16046 alignleft\" src=\"https:\/\/sindsaudeba.org.br\/portal\/wp-content\/uploads\/2021\/05\/WhatsApp-Image-2021-05-11-at-15.16.26-300x169.jpeg\" alt=\"\" width=\"300\" height=\"169\" srcset=\"https:\/\/sindsaudeba.org.br\/portal\/wp-content\/uploads\/2021\/05\/WhatsApp-Image-2021-05-11-at-15.16.26-300x169.jpeg 300w, https:\/\/sindsaudeba.org.br\/portal\/wp-content\/uploads\/2021\/05\/WhatsApp-Image-2021-05-11-at-15.16.26-1024x576.jpeg 1024w, https:\/\/sindsaudeba.org.br\/portal\/wp-content\/uploads\/2021\/05\/WhatsApp-Image-2021-05-11-at-15.16.26-768x432.jpeg 768w, https:\/\/sindsaudeba.org.br\/portal\/wp-content\/uploads\/2021\/05\/WhatsApp-Image-2021-05-11-at-15.16.26-700x394.jpeg 700w, https:\/\/sindsaudeba.org.br\/portal\/wp-content\/uploads\/2021\/05\/WhatsApp-Image-2021-05-11-at-15.16.26-539x303.jpeg 539w, https:\/\/sindsaudeba.org.br\/portal\/wp-content\/uploads\/2021\/05\/WhatsApp-Image-2021-05-11-at-15.16.26.jpeg 1280w\" sizes=\"(max-width: 300px) 100vw, 300px\" \/><\/em>\u201cN\u00e3o temos o que comemorar neste dia da Enfermagem\u201d, comentou Ivanilda Brito<\/p>\n<p>&nbsp;<\/p>\n<p>Estamos na Semana Mundial da Enfermagem (12 a 20 de maio). \u201cEu sou t\u00e9cnica enfermagem, aposentada, com mais de 40 anos de servi\u00e7o, e na data de hoje ganho um presente de valor inestim\u00e1vel: recebendo as fotos de atos por toda a Bahia, colegas servidores postando fotos com frases de mobiliza\u00e7\u00e3o e luta pelos nossos direitos\u201d, pontuou Ivanilda Brito, presidente do SindSa\u00fadeBa.<\/p>\n<p><img loading=\"lazy\" class=\"size-medium wp-image-16047 alignleft\" src=\"https:\/\/sindsaudeba.org.br\/portal\/wp-content\/uploads\/2021\/05\/WhatsApp-Image-2021-05-12-at-11.03.17-300x225.jpeg\" alt=\"\" width=\"300\" height=\"225\" srcset=\"https:\/\/sindsaudeba.org.br\/portal\/wp-content\/uploads\/2021\/05\/WhatsApp-Image-2021-05-12-at-11.03.17-300x225.jpeg 300w, https:\/\/sindsaudeba.org.br\/portal\/wp-content\/uploads\/2021\/05\/WhatsApp-Image-2021-05-12-at-11.03.17-1024x766.jpeg 1024w, https:\/\/sindsaudeba.org.br\/portal\/wp-content\/uploads\/2021\/05\/WhatsApp-Image-2021-05-12-at-11.03.17-768x575.jpeg 768w, https:\/\/sindsaudeba.org.br\/portal\/wp-content\/uploads\/2021\/05\/WhatsApp-Image-2021-05-12-at-11.03.17-800x600.jpeg 800w, https:\/\/sindsaudeba.org.br\/portal\/wp-content\/uploads\/2021\/05\/WhatsApp-Image-2021-05-12-at-11.03.17-700x524.jpeg 700w, https:\/\/sindsaudeba.org.br\/portal\/wp-content\/uploads\/2021\/05\/WhatsApp-Image-2021-05-12-at-11.03.17.jpeg 1280w\" sizes=\"(max-width: 300px) 100vw, 300px\" \/>A enfermagem, que \u00e9 considerada a profiss\u00e3o das mais estreitas rela\u00e7\u00f5es com o ser humano desde os prim\u00f3rdios do mundo, anseia pelo seu reconhecimento. Diferente do m\u00e9dico, que diagnostica doen\u00e7as, indica exames e prescreve medicamentos, o trabalho da enfermagem \u00e9 o cuidar, a assist\u00eancia, a vigil\u00e2ncia 24 horas do rec\u00e9m-nascido ao enfermo, observando suas medica\u00e7\u00f5es, rea\u00e7\u00f5es, evolu\u00e7\u00f5es e cuidando do seu conforto e higiene. Uma lista enorme de atividades, mas falta: reconhecimento por parte de todos os pol\u00edticos brasileiros.<\/p>\n<p><img loading=\"lazy\" class=\"size-medium wp-image-16048 alignleft\" src=\"https:\/\/sindsaudeba.org.br\/portal\/wp-content\/uploads\/2021\/05\/WhatsApp-Image-2021-05-12-at-10.36.32-300x138.jpeg\" alt=\"\" width=\"300\" height=\"138\" srcset=\"https:\/\/sindsaudeba.org.br\/portal\/wp-content\/uploads\/2021\/05\/WhatsApp-Image-2021-05-12-at-10.36.32-300x138.jpeg 300w, https:\/\/sindsaudeba.org.br\/portal\/wp-content\/uploads\/2021\/05\/WhatsApp-Image-2021-05-12-at-10.36.32-1024x473.jpeg 1024w, https:\/\/sindsaudeba.org.br\/portal\/wp-content\/uploads\/2021\/05\/WhatsApp-Image-2021-05-12-at-10.36.32-768x354.jpeg 768w, https:\/\/sindsaudeba.org.br\/portal\/wp-content\/uploads\/2021\/05\/WhatsApp-Image-2021-05-12-at-10.36.32-700x323.jpeg 700w, https:\/\/sindsaudeba.org.br\/portal\/wp-content\/uploads\/2021\/05\/WhatsApp-Image-2021-05-12-at-10.36.32.jpeg 1040w\" sizes=\"(max-width: 300px) 100vw, 300px\" \/>\u201cN\u00e3o, n\u00e3o somos &#8216;anjos de branco&#8217; e recusamos este emblema de pseudodivindades. Somos profissionais por voca\u00e7\u00e3o e n\u00e3o em busca de reconhecimento. Estudamos muito, nos abastecemos e n\u00f3s atualizamos de conhecimentos t\u00e9cnico-cient\u00edficos diuturnamente para melhor prestar servi\u00e7o \u00e0 sociedade. Mas, o trabalhador da enfermagem tamb\u00e9m \u00e9 gente, e gente esgotada, estafada, tamb\u00e9m adoece. E quando quem cuida do doente cai de cama, o problema extrapola do social para o colapso; sem enfermagem, que comp\u00f5e 60% dos quadros da sa\u00fade, quem vai cuidar dos enfermos e t\u00e9cnicos de enfermagem?\u201d, questiona a diretora Dart Clair \u2013 SindSa\u00fadeBa-Comunica\u00e7\u00e3o, que trabalha em dois v\u00ednculos Feira de Santana (HGCA) e Cama\u00e7ari.<\/p>\n<p><img loading=\"lazy\" class=\"size-medium wp-image-16049 alignleft\" src=\"https:\/\/sindsaudeba.org.br\/portal\/wp-content\/uploads\/2021\/05\/WhatsApp-Image-2021-05-12-at-09.59.10-300x135.jpeg\" alt=\"\" width=\"300\" height=\"135\" srcset=\"https:\/\/sindsaudeba.org.br\/portal\/wp-content\/uploads\/2021\/05\/WhatsApp-Image-2021-05-12-at-09.59.10-300x135.jpeg 300w, https:\/\/sindsaudeba.org.br\/portal\/wp-content\/uploads\/2021\/05\/WhatsApp-Image-2021-05-12-at-09.59.10-1024x461.jpeg 1024w, https:\/\/sindsaudeba.org.br\/portal\/wp-content\/uploads\/2021\/05\/WhatsApp-Image-2021-05-12-at-09.59.10-768x346.jpeg 768w, https:\/\/sindsaudeba.org.br\/portal\/wp-content\/uploads\/2021\/05\/WhatsApp-Image-2021-05-12-at-09.59.10-700x315.jpeg 700w, https:\/\/sindsaudeba.org.br\/portal\/wp-content\/uploads\/2021\/05\/WhatsApp-Image-2021-05-12-at-09.59.10.jpeg 1280w\" sizes=\"(max-width: 300px) 100vw, 300px\" \/>A regulamenta\u00e7\u00e3o do piso salarial para a enfermagem, em jornada de 30 horas, estamos em plena batalha. At\u00e9 hoje, a quest\u00e3o entra e sai da pauta do Governo Federal e nunca caminha na defesa dos trabalhadores da sa\u00fade, j\u00e1 s\u00e3o 30 anos de luta pela regulamenta\u00e7\u00e3o.<\/p>\n<p>&nbsp;<\/p>\n<p>Para o direto Djlama Rossi do SindSa\u00fadeBa,\u00a0 nesta data de luta \u00e9 importante para que todos se mobilizem percebam a for\u00e7a e continuem na mobiliza\u00e7\u00e3o. \u201cDedico as\/aos Profissionais de Enfermagem que tem a tarefa de cuidar e lutar pela melhoria das condi\u00e7\u00f5es de vida da sociedade. Instrumento de transforma\u00e7\u00e3o; de instaura\u00e7\u00e3o de novas l\u00f3gicas; c\u00edrculo na forma como construirmos o ambiente em que vivemos. Que est\u00e1 nos plant\u00f5es porque o escuro amedronta os enfermos, escolheu servir ao pr\u00f3ximo e estar perto do sofrimento\u201d, pontuou o diretor Djalma que servidor p\u00fablico do Administrativo convive diretamente com a classe da enfermagem.<\/p>\n<p><img loading=\"lazy\" class=\"size-medium wp-image-16050 alignleft\" src=\"https:\/\/sindsaudeba.org.br\/portal\/wp-content\/uploads\/2021\/05\/WhatsApp-Image-2021-05-12-at-13.37.37-300x207.jpeg\" alt=\"\" width=\"300\" height=\"207\" srcset=\"https:\/\/sindsaudeba.org.br\/portal\/wp-content\/uploads\/2021\/05\/WhatsApp-Image-2021-05-12-at-13.37.37-300x207.jpeg 300w, https:\/\/sindsaudeba.org.br\/portal\/wp-content\/uploads\/2021\/05\/WhatsApp-Image-2021-05-12-at-13.37.37.jpeg 544w\" sizes=\"(max-width: 300px) 100vw, 300px\" \/>Na luta, constrangidos, assistimos semanalmente as campanhas #aprovaPl2465 nas redes sociais das entidades de classe e no twitter de pol\u00edticos da \u00e1rea. \u201cA &#8216;Casa do Povo&#8217; precisa acordar e reconhecer o trabalho da enfermagem, valorizar os servidores p\u00fablicos #N\u00e3oAReformaAdministrativa, continuam com uma atitude debochada e descarada de enrolar os trabalhadores. Aqui na Bahia, n\u00e3o \u00e9 diferente, j\u00e1 estamos sofrendo com esse Funprev, sem reajuste e lutamos pela valoriza\u00e7\u00e3o dos profissionais, fora a URV \u2013 que esta novela virou filme de comedia e s\u00e9rie de terror\u201d, pontuou a presidente a Ivanilda Brito.<\/p>\n<p>Enquanto isso n\u00e3o se resolve, a enfermagem e servidores p\u00fablicos continua em a\u00e7\u00e3o, trabalhando em turnos puxados, plant\u00f5es desumanos, exaurindo-se e adoecendo; salvando o Estado da Pandemia e a sofrer com falta de EPIs de qualidade e a falta de reconhecimento. Na Semana da Enfermagem o que pedimos \u00e0 sociedade \u00e9 socorro!<\/p>\n","protected":false},"excerpt":{"rendered":"<p>\u201cN\u00e3o temos o que comemorar neste dia da Enfermagem\u201d, comentou Ivanilda Brito &nbsp; Estamos na Semana Mundial da Enfermagem (12 a 20 de maio). \u201cEu sou t\u00e9cnica enfermagem, aposentada, com mais de 40 anos de servi\u00e7o, e na data de hoje ganho um presente de&#8230;<\/p>\n","protected":false},"author":2,"featured_media":16048,"comment_status":"open","ping_status":"open","sticky":false,"template":"","format":"standard","meta":[],"categories":[11,6,7],"tags":[],"amp_validity":null,"amp_enabled":true,"_links":{"self":[{"href":"https:\/\/sindsaudeba.org.br\/portal\/wp-json\/wp\/v2\/posts\/16045"}],"collection":[{"href":"https:\/\/sindsaudeba.org.br\/portal\/wp-json\/wp\/v2\/posts"}],"about":[{"href":"https:\/\/sindsaudeba.org.br\/portal\/wp-json\/wp\/v2\/types\/post"}],"author":[{"embeddable":true,"href":"https:\/\/sindsaudeba.org.br\/portal\/wp-json\/wp\/v2\/users\/2"}],"replies":[{"embeddable":true,"href":"https:\/\/sindsaudeba.org.br\/portal\/wp-json\/wp\/v2\/comments?post=16045"}],"version-history":[{"count":1,"href":"https:\/\/sindsaudeba.org.br\/portal\/wp-json\/wp\/v2\/posts\/16045\/revisions"}],"predecessor-version":[{"id":16051,"href":"https:\/\/sindsaudeba.org.br\/portal\/wp-json\/wp\/v2\/posts\/16045\/revisions\/16051"}],"wp:featuredmedia":[{"embeddable":true,"href":"https:\/\/sindsaudeba.org.br\/portal\/wp-json\/wp\/v2\/media\/16048"}],"wp:attachment":[{"href":"https:\/\/sindsaudeba.org.br\/portal\/wp-json\/wp\/v2\/media?parent=16045"}],"wp:term":[{"taxonomy":"category","embeddable":true,"href":"https:\/\/sindsaudeba.org.br\/portal\/wp-json\/wp\/v2\/categories?post=16045"},{"taxonomy":"post_tag","embeddable":true,"href":"https:\/\/sindsaudeba.org.br\/portal\/wp-json\/wp\/v2\/tags?post=16045"}],"curies":[{"name":"wp","href":"https:\/\/api.w.org\/{rel}","templated":true}]}}