{"id":16032,"date":"2021-04-30T15:27:06","date_gmt":"2021-04-30T18:27:06","guid":{"rendered":"https:\/\/sindsaudeba.org.br\/portal\/?p=16032"},"modified":"2021-04-30T15:33:48","modified_gmt":"2021-04-30T18:33:48","slug":"vem-ai-semana-brasileira-de-enfermagem","status":"publish","type":"post","link":"https:\/\/sindsaudeba.org.br\/portal\/blog\/vem-ai-semana-brasileira-de-enfermagem\/","title":{"rendered":"Vem ai Semana Brasileira de Enfermagem"},"content":{"rendered":"<p>Aproxima-se mais uma Semana Brasileira de Enfermagem, evento criado e promovido pela ABEn, e com esta as simb\u00f3licas datas de 12 de maio (dia internacional da Enfermagem e dia nacional da\/o enfermeira\/o) e 20 de maio (dia nacional da\/o t\u00e9cnica\/o em enfermagem).<br \/>\nEsse ano, por\u00e9m, o cen\u00e1rio \u00e9 muito diferente de anos anteriores: pandemia, crise sanit\u00e1ria e pol\u00edtica, perdas de direitos trabalhistas e o que \u00e9 muito pior, perdas de vidas.<br \/>\nTodo este cen\u00e1rio nos leva a grande como\u00e7\u00e3o e reacendeu na categoria a luta leg\u00edtima pelas 30 horas e piso salarial. Em tempos normais, seria o momento de ir \u00e0s ruas. Mas n\u00e3o s\u00e3o tempos normais.<br \/>\nO F\u00f3rum Baiano de Enfermagem deliberou por n\u00e3o aderir a manifesta\u00e7\u00f5es presenciais na Semana Brasileira de Enfermagem. Primeiro, parece muito contradit\u00f3rio que profissionais de sa\u00fade que pedem para a popula\u00e7\u00e3o n\u00e3o aglomerar promova aglomera\u00e7\u00f5es. E segundo, n\u00e3o nos parece sensato ser contra a um decreto do governo estadual que tem por base preservar vidas e assim pro\u00edbe aglomera\u00e7\u00f5es.<br \/>\nEm pleno s\u00e9culo XXI existem muitas formas de manifestar-se e ter o mesmo ou um efeito muito pr\u00f3ximo a manifesta\u00e7\u00f5es de rua. Esse aprendizado, levaremos para o p\u00f3s pandemia.<br \/>\nO Sindsa\u00fade, junto com o F\u00f3rum Baiano de Entidades da Enfermagem, far\u00e1 um Ato, sem aglomera\u00e7\u00e3o, mas marcante no dia 20\/05 fortalecendo o ato nacional do F\u00f3rum 30 Horas. Assim, n\u00e3o deixaremos passar em branco que trabalhadores\/as, aclamados como \u201cher\u00f3is e hero\u00ednas\u201d morreram por falta de condi\u00e7\u00f5es seguras de trabalho, piso salarial e jornada justa, ao tempo em que n\u00e3o colocaremos outros em risco.<br \/>\nSigamos na luta, com a serenidade de quem sabe que \u00e9 tempo de defender o \u00f3bvio.<br \/>\n@sindsaudebahia<br \/>\n@aben_ba<br \/>\n@sintefem<\/p>\n<p>#vocenaoestasozinho #pandemiacoronavirus #covid_19<\/p>\n","protected":false},"excerpt":{"rendered":"<p>Aproxima-se mais uma Semana Brasileira de Enfermagem, evento criado e promovido pela ABEn, e com esta as simb\u00f3licas datas de 12 de maio (dia internacional da Enfermagem e dia nacional da\/o enfermeira\/o) e 20 de maio (dia nacional da\/o t\u00e9cnica\/o em enfermagem). Esse ano, por\u00e9m,&#8230;<\/p>\n","protected":false},"author":2,"featured_media":16033,"comment_status":"open","ping_status":"open","sticky":false,"template":"","format":"standard","meta":[],"categories":[11,6,7],"tags":[],"amp_validity":null,"amp_enabled":true,"_links":{"self":[{"href":"https:\/\/sindsaudeba.org.br\/portal\/wp-json\/wp\/v2\/posts\/16032"}],"collection":[{"href":"https:\/\/sindsaudeba.org.br\/portal\/wp-json\/wp\/v2\/posts"}],"about":[{"href":"https:\/\/sindsaudeba.org.br\/portal\/wp-json\/wp\/v2\/types\/post"}],"author":[{"embeddable":true,"href":"https:\/\/sindsaudeba.org.br\/portal\/wp-json\/wp\/v2\/users\/2"}],"replies":[{"embeddable":true,"href":"https:\/\/sindsaudeba.org.br\/portal\/wp-json\/wp\/v2\/comments?post=16032"}],"version-history":[{"count":1,"href":"https:\/\/sindsaudeba.org.br\/portal\/wp-json\/wp\/v2\/posts\/16032\/revisions"}],"predecessor-version":[{"id":16034,"href":"https:\/\/sindsaudeba.org.br\/portal\/wp-json\/wp\/v2\/posts\/16032\/revisions\/16034"}],"wp:featuredmedia":[{"embeddable":true,"href":"https:\/\/sindsaudeba.org.br\/portal\/wp-json\/wp\/v2\/media\/16033"}],"wp:attachment":[{"href":"https:\/\/sindsaudeba.org.br\/portal\/wp-json\/wp\/v2\/media?parent=16032"}],"wp:term":[{"taxonomy":"category","embeddable":true,"href":"https:\/\/sindsaudeba.org.br\/portal\/wp-json\/wp\/v2\/categories?post=16032"},{"taxonomy":"post_tag","embeddable":true,"href":"https:\/\/sindsaudeba.org.br\/portal\/wp-json\/wp\/v2\/tags?post=16032"}],"curies":[{"name":"wp","href":"https:\/\/api.w.org\/{rel}","templated":true}]}}