{"id":16025,"date":"2021-04-28T10:44:47","date_gmt":"2021-04-28T13:44:47","guid":{"rendered":"https:\/\/sindsaudeba.org.br\/portal\/?p=16025"},"modified":"2021-04-28T12:32:47","modified_gmt":"2021-04-28T15:32:47","slug":"pauta-de-reinvindicacoes-entregue-ao-sindsaudeba","status":"publish","type":"post","link":"https:\/\/sindsaudeba.org.br\/portal\/blog\/pauta-de-reinvindicacoes-entregue-ao-sindsaudeba\/","title":{"rendered":"Pauta de Reinvindica\u00e7\u00f5es entregue ao SindSa\u00fadeBa."},"content":{"rendered":"<p><img loading=\"lazy\" class=\"size-medium wp-image-16026 alignleft\" src=\"https:\/\/sindsaudeba.org.br\/portal\/wp-content\/uploads\/2021\/04\/5136a9df-0183-4727-99df-84efe0bb671b-225x300.jpg\" alt=\"\" width=\"225\" height=\"300\" srcset=\"https:\/\/sindsaudeba.org.br\/portal\/wp-content\/uploads\/2021\/04\/5136a9df-0183-4727-99df-84efe0bb671b-225x300.jpg 225w, https:\/\/sindsaudeba.org.br\/portal\/wp-content\/uploads\/2021\/04\/5136a9df-0183-4727-99df-84efe0bb671b-766x1024.jpg 766w, https:\/\/sindsaudeba.org.br\/portal\/wp-content\/uploads\/2021\/04\/5136a9df-0183-4727-99df-84efe0bb671b-768x1026.jpg 768w, https:\/\/sindsaudeba.org.br\/portal\/wp-content\/uploads\/2021\/04\/5136a9df-0183-4727-99df-84efe0bb671b-600x800.jpg 600w, https:\/\/sindsaudeba.org.br\/portal\/wp-content\/uploads\/2021\/04\/5136a9df-0183-4727-99df-84efe0bb671b-700x935.jpg 700w, https:\/\/sindsaudeba.org.br\/portal\/wp-content\/uploads\/2021\/04\/5136a9df-0183-4727-99df-84efe0bb671b.jpg 958w\" sizes=\"(max-width: 225px) 100vw, 225px\" \/>\u201cRetorno dos Funcion\u00e1rios do Lares Abrigados para os setores de interna\u00e7\u00e3o onde h\u00e1 escassez de funcion\u00e1rios, Extens\u00e3o de carga hor\u00e1ria (240) para os funcion\u00e1rios que cumprem escala de 120 horas e que tem disponibilidade e j\u00e1 solicitaram atrav\u00e9s da RDV, Pr\u00e9dios com instala\u00e7\u00f5es precisando de reforma urgente, Necessidade lotar assistente sociais fixa em cada setor de interna\u00e7\u00e3o para atender as demandas, uma vez que tem no quadro 02 assistentes sociais que de dedicam exclusivamente a desospitaliza\u00e7\u00e3o dos moradores e outras duas com cargos comissionados que prestam demandas: emerg\u00eancia, pavilh\u00e3o agudo masculino e feminino\u201d, pontuou atrav\u00e9s de carta entregue ao SindSa\u00fadeBa, a Comiss\u00e3o de Trabalhadores do HELR de Feira de Santana.<\/p>\n<p>&nbsp;<\/p>\n<p>No \u00faltimo dia 22 de abril de 2021, o retorno do SindSa\u00fadeBahia Itinerante aconteceu na cidade de Feira de Santana-Ba, a 110km, com atendimento de 20 servidores p\u00fablicos. \u00a0O objetivo \u00e9 tirar todas as d\u00favidas dos servidores e orientar sobre as a\u00e7\u00f5es jur\u00eddicas pessoais e coletivas, o Sindicato dos Trabalhadores em Sa\u00fade do Estado da Bahia \u2013 SindSa\u00fadeBa.<\/p>\n<p><img loading=\"lazy\" class=\"size-medium wp-image-16027 alignleft\" src=\"https:\/\/sindsaudeba.org.br\/portal\/wp-content\/uploads\/2021\/04\/2299f107-0646-4497-9921-434b941f7ba2-225x300.jpg\" alt=\"\" width=\"225\" height=\"300\" srcset=\"https:\/\/sindsaudeba.org.br\/portal\/wp-content\/uploads\/2021\/04\/2299f107-0646-4497-9921-434b941f7ba2-225x300.jpg 225w, https:\/\/sindsaudeba.org.br\/portal\/wp-content\/uploads\/2021\/04\/2299f107-0646-4497-9921-434b941f7ba2-766x1024.jpg 766w, https:\/\/sindsaudeba.org.br\/portal\/wp-content\/uploads\/2021\/04\/2299f107-0646-4497-9921-434b941f7ba2-768x1026.jpg 768w, https:\/\/sindsaudeba.org.br\/portal\/wp-content\/uploads\/2021\/04\/2299f107-0646-4497-9921-434b941f7ba2-600x800.jpg 600w, https:\/\/sindsaudeba.org.br\/portal\/wp-content\/uploads\/2021\/04\/2299f107-0646-4497-9921-434b941f7ba2-700x935.jpg 700w, https:\/\/sindsaudeba.org.br\/portal\/wp-content\/uploads\/2021\/04\/2299f107-0646-4497-9921-434b941f7ba2.jpg 958w\" sizes=\"(max-width: 225px) 100vw, 225px\" \/>O servi\u00e7o \u00e9 uma forma de alinhar com cada servidor p\u00fablico da sa\u00fade a situa\u00e7\u00e3o judicial e principalmente: cred cesta, descontos indevidos, juros abusivos, situa\u00e7\u00e3o da RDV, ass\u00e9dio moral, viol\u00eancia contra servidores p\u00fablicos entre outros temas.<\/p>\n<p>&nbsp;<\/p>\n<p>O SindSa\u00fadeBa Itinerante tem o compromisso de melhorar a rela\u00e7\u00e3o com todos os servidores p\u00fablicos da sa\u00fade da Bahia, por isso, a presidente vem desenvolvendo um trabalho de humaniza\u00e7\u00e3o di\u00e1ria por todos os territ\u00f3rios do estado. \u201cEstamos alinhando o pr\u00f3ximos SindSa\u00fadeBa que ter\u00e1 novamente em Feira de Santana, Vit\u00f3ria da Conquista, Ubaitaba, Santo Estev\u00e3o, Mucug\u00ea e outras cidades est\u00e3o solicitando; outra atividade que vamos iniciar p SindSa\u00fadeBa Cuida, onde vamos fazer um dia de sa\u00fade do trabalhador pela Bahia, essa atividade ser\u00e1 bem organizada e vamos alinhar com a regi\u00e3o e equipe!\u201d, pontuou animada a presidente Ivanilda Brito.<\/p>\n<p>&nbsp;<\/p>\n<p>O atendimento \u00e9 realizado de segunda-feira a sexta-feira, das 9horas \u00e0s 16horas, de acordo com a marca\u00e7\u00e3o atrav\u00e9s do telefone: 71- 3266-8940\/ 0800-284 8940. ASCOm: Jelber 075991699962.<\/p>\n<p>&nbsp;<\/p>\n<p>Pauta de Reinvidica\u00e7\u00e3o:<\/p>\n<p><img loading=\"lazy\" class=\"alignnone size-medium wp-image-16030\" src=\"https:\/\/sindsaudeba.org.br\/portal\/wp-content\/uploads\/2021\/04\/WhatsApp-Image-2021-04-28-at-10.13.14-300x169.jpeg\" alt=\"\" width=\"300\" height=\"169\" srcset=\"https:\/\/sindsaudeba.org.br\/portal\/wp-content\/uploads\/2021\/04\/WhatsApp-Image-2021-04-28-at-10.13.14-300x169.jpeg 300w, https:\/\/sindsaudeba.org.br\/portal\/wp-content\/uploads\/2021\/04\/WhatsApp-Image-2021-04-28-at-10.13.14-1024x576.jpeg 1024w, https:\/\/sindsaudeba.org.br\/portal\/wp-content\/uploads\/2021\/04\/WhatsApp-Image-2021-04-28-at-10.13.14-768x432.jpeg 768w, https:\/\/sindsaudeba.org.br\/portal\/wp-content\/uploads\/2021\/04\/WhatsApp-Image-2021-04-28-at-10.13.14-700x394.jpeg 700w, https:\/\/sindsaudeba.org.br\/portal\/wp-content\/uploads\/2021\/04\/WhatsApp-Image-2021-04-28-at-10.13.14-539x303.jpeg 539w, https:\/\/sindsaudeba.org.br\/portal\/wp-content\/uploads\/2021\/04\/WhatsApp-Image-2021-04-28-at-10.13.14.jpeg 1277w\" sizes=\"(max-width: 300px) 100vw, 300px\" \/><\/p>\n","protected":false},"excerpt":{"rendered":"<p>\u201cRetorno dos Funcion\u00e1rios do Lares Abrigados para os setores de interna\u00e7\u00e3o onde h\u00e1 escassez de funcion\u00e1rios, Extens\u00e3o de carga hor\u00e1ria (240) para os funcion\u00e1rios que cumprem escala de 120 horas e que tem disponibilidade e j\u00e1 solicitaram atrav\u00e9s da RDV, Pr\u00e9dios com instala\u00e7\u00f5es precisando de&#8230;<\/p>\n","protected":false},"author":2,"featured_media":16026,"comment_status":"open","ping_status":"open","sticky":false,"template":"","format":"standard","meta":[],"categories":[11,6,7],"tags":[],"amp_validity":null,"amp_enabled":true,"_links":{"self":[{"href":"https:\/\/sindsaudeba.org.br\/portal\/wp-json\/wp\/v2\/posts\/16025"}],"collection":[{"href":"https:\/\/sindsaudeba.org.br\/portal\/wp-json\/wp\/v2\/posts"}],"about":[{"href":"https:\/\/sindsaudeba.org.br\/portal\/wp-json\/wp\/v2\/types\/post"}],"author":[{"embeddable":true,"href":"https:\/\/sindsaudeba.org.br\/portal\/wp-json\/wp\/v2\/users\/2"}],"replies":[{"embeddable":true,"href":"https:\/\/sindsaudeba.org.br\/portal\/wp-json\/wp\/v2\/comments?post=16025"}],"version-history":[{"count":3,"href":"https:\/\/sindsaudeba.org.br\/portal\/wp-json\/wp\/v2\/posts\/16025\/revisions"}],"predecessor-version":[{"id":16031,"href":"https:\/\/sindsaudeba.org.br\/portal\/wp-json\/wp\/v2\/posts\/16025\/revisions\/16031"}],"wp:featuredmedia":[{"embeddable":true,"href":"https:\/\/sindsaudeba.org.br\/portal\/wp-json\/wp\/v2\/media\/16026"}],"wp:attachment":[{"href":"https:\/\/sindsaudeba.org.br\/portal\/wp-json\/wp\/v2\/media?parent=16025"}],"wp:term":[{"taxonomy":"category","embeddable":true,"href":"https:\/\/sindsaudeba.org.br\/portal\/wp-json\/wp\/v2\/categories?post=16025"},{"taxonomy":"post_tag","embeddable":true,"href":"https:\/\/sindsaudeba.org.br\/portal\/wp-json\/wp\/v2\/tags?post=16025"}],"curies":[{"name":"wp","href":"https:\/\/api.w.org\/{rel}","templated":true}]}}