{"id":16019,"date":"2021-04-26T16:28:42","date_gmt":"2021-04-26T19:28:42","guid":{"rendered":"https:\/\/sindsaudeba.org.br\/portal\/?p=16019"},"modified":"2021-04-26T16:28:42","modified_gmt":"2021-04-26T19:28:42","slug":"servidores-publicos-da-saude-sao-atendidos-em-feira-de-santana-pelo-sindsaudeba","status":"publish","type":"post","link":"https:\/\/sindsaudeba.org.br\/portal\/blog\/servidores-publicos-da-saude-sao-atendidos-em-feira-de-santana-pelo-sindsaudeba\/","title":{"rendered":"Servidores P\u00fablicos da Sa\u00fade s\u00e3o atendidos em Feira de Santana, pelo SindSa\u00fadeBa.  \u00a0"},"content":{"rendered":"<p class=\"content-textcontainer\" style=\"margin: 0cm;text-align: justify;background: white\"><span style=\"font-size: 13.0pt;font-family: 'Helvetica',sans-serif;color: #333333\"><img loading=\"lazy\" class=\"size-medium wp-image-16020 alignleft\" src=\"https:\/\/sindsaudeba.org.br\/portal\/wp-content\/uploads\/2021\/04\/6bc6b6e5-629d-4827-8047-6cdc9ed3511b-225x300.jpg\" alt=\"\" width=\"225\" height=\"300\" srcset=\"https:\/\/sindsaudeba.org.br\/portal\/wp-content\/uploads\/2021\/04\/6bc6b6e5-629d-4827-8047-6cdc9ed3511b-225x300.jpg 225w, https:\/\/sindsaudeba.org.br\/portal\/wp-content\/uploads\/2021\/04\/6bc6b6e5-629d-4827-8047-6cdc9ed3511b-766x1024.jpg 766w, https:\/\/sindsaudeba.org.br\/portal\/wp-content\/uploads\/2021\/04\/6bc6b6e5-629d-4827-8047-6cdc9ed3511b-768x1026.jpg 768w, https:\/\/sindsaudeba.org.br\/portal\/wp-content\/uploads\/2021\/04\/6bc6b6e5-629d-4827-8047-6cdc9ed3511b-600x800.jpg 600w, https:\/\/sindsaudeba.org.br\/portal\/wp-content\/uploads\/2021\/04\/6bc6b6e5-629d-4827-8047-6cdc9ed3511b-700x935.jpg 700w, https:\/\/sindsaudeba.org.br\/portal\/wp-content\/uploads\/2021\/04\/6bc6b6e5-629d-4827-8047-6cdc9ed3511b.jpg 958w\" sizes=\"(max-width: 225px) 100vw, 225px\" \/>No \u00faltimo dia 22 de abril de 21, o retorno do SindSa\u00fadeBahia Itinerante aconteceu na cidade de Feira de Santana-Ba, a 110km da sede da entidade. Com objetivo de tirar todas as d\u00favidas dos servidores e orientar sobre as a\u00e7\u00f5es jur\u00eddicas pessoais e coletivas, o Sindicato dos Trabalhadores em Sa\u00fade do Estado da Bahia \u2013 SindSa\u00fadeBa.<\/span><\/p>\n<p class=\"content-textcontainer\" style=\"margin: 0cm;text-align: justify;background: white\"><span style=\"font-size: 13.0pt;font-family: 'Helvetica',sans-serif;color: #333333\">O servi\u00e7o \u00e9 uma forma de alinhar com cada servidor p\u00fablico da sa\u00fade a situa\u00e7\u00e3o judicial e principalmente: cred cesta, descontos indevidos, juros abusivos, situa\u00e7\u00e3o da RDV, ass\u00e9dio moral, viol\u00eancia contra servidores p\u00fablicos entre outros temas.<\/span><\/p>\n<p class=\"content-textcontainer\" style=\"margin: 0cm;text-align: justify;background: white\"><span style=\"font-size: 13.0pt;font-family: 'Helvetica',sans-serif;color: #333333\"><img loading=\"lazy\" class=\"alignnone size-medium wp-image-16021\" src=\"https:\/\/sindsaudeba.org.br\/portal\/wp-content\/uploads\/2021\/04\/c41f0d1a-9e53-43c7-a845-33c4d42991cc-300x225.jpg\" alt=\"\" width=\"300\" height=\"225\" srcset=\"https:\/\/sindsaudeba.org.br\/portal\/wp-content\/uploads\/2021\/04\/c41f0d1a-9e53-43c7-a845-33c4d42991cc-300x225.jpg 300w, https:\/\/sindsaudeba.org.br\/portal\/wp-content\/uploads\/2021\/04\/c41f0d1a-9e53-43c7-a845-33c4d42991cc-1024x766.jpg 1024w, https:\/\/sindsaudeba.org.br\/portal\/wp-content\/uploads\/2021\/04\/c41f0d1a-9e53-43c7-a845-33c4d42991cc-768x575.jpg 768w, https:\/\/sindsaudeba.org.br\/portal\/wp-content\/uploads\/2021\/04\/c41f0d1a-9e53-43c7-a845-33c4d42991cc-800x600.jpg 800w, https:\/\/sindsaudeba.org.br\/portal\/wp-content\/uploads\/2021\/04\/c41f0d1a-9e53-43c7-a845-33c4d42991cc-700x524.jpg 700w, https:\/\/sindsaudeba.org.br\/portal\/wp-content\/uploads\/2021\/04\/c41f0d1a-9e53-43c7-a845-33c4d42991cc.jpg 1280w\" sizes=\"(max-width: 300px) 100vw, 300px\" \/>O SindSa\u00fadeBa Itinerante tem o compromisso de melhorar a rela\u00e7\u00e3o com todos os servidores p\u00fablicos da sa\u00fade da Bahia, por isso, a presidente vem desenvolvendo um trabalho de humaniza\u00e7\u00e3o di\u00e1ria por todos os territ\u00f3rios do estado. \u201cEstamos alinhando o pr\u00f3ximos SindSa\u00fadeBa que ter\u00e1 novamente em Feira de Santana, Vit\u00f3ria da Conquista, Ubaitaba, Santo Estev\u00e3o, Mucug\u00ea e outras cidades est\u00e3o solicitando; outra atividade que vamos iniciar p SindSa\u00fadeBa Cuida, onde vamos fazer um dia de sa\u00fade do trabalhador pela Bahia, essa atividade ser\u00e1 bem organizada e vamos alinhar com a regi\u00e3o e equipe!\u201d, pontuou animada a presidente Ivanilda Brito. <\/span><\/p>\n<p class=\"content-textcontainer\" style=\"margin: 0cm;text-align: justify;background: white\"><span style=\"font-size: 13.0pt;font-family: 'Helvetica',sans-serif;color: #333333\">O atendimento \u00e9 realizado de segunda-feira a sexta-feira, das 9horas \u00e0s 16horas, de acordo com a marca\u00e7\u00e3o atrav\u00e9s do telefone: 71- 3266-8940\/ 0800-284 8940. ASCOm: Jelber 075991699962. <\/span><\/p>\n<p class=\"content-textcontainer\" style=\"margin: 0cm;text-align: justify;background: white\"><span style=\"font-size: 13.0pt;font-family: 'Helvetica',sans-serif;color: #333333\">\u00a0<\/span><\/p>\n","protected":false},"excerpt":{"rendered":"<p>No \u00faltimo dia 22 de abril de 21, o retorno do SindSa\u00fadeBahia Itinerante aconteceu na cidade de Feira de Santana-Ba, a 110km da sede da entidade. Com objetivo de tirar todas as d\u00favidas dos servidores e orientar sobre as a\u00e7\u00f5es jur\u00eddicas pessoais e coletivas, o&#8230;<\/p>\n","protected":false},"author":2,"featured_media":16022,"comment_status":"open","ping_status":"open","sticky":false,"template":"","format":"standard","meta":[],"categories":[11,6],"tags":[],"amp_validity":null,"amp_enabled":true,"_links":{"self":[{"href":"https:\/\/sindsaudeba.org.br\/portal\/wp-json\/wp\/v2\/posts\/16019"}],"collection":[{"href":"https:\/\/sindsaudeba.org.br\/portal\/wp-json\/wp\/v2\/posts"}],"about":[{"href":"https:\/\/sindsaudeba.org.br\/portal\/wp-json\/wp\/v2\/types\/post"}],"author":[{"embeddable":true,"href":"https:\/\/sindsaudeba.org.br\/portal\/wp-json\/wp\/v2\/users\/2"}],"replies":[{"embeddable":true,"href":"https:\/\/sindsaudeba.org.br\/portal\/wp-json\/wp\/v2\/comments?post=16019"}],"version-history":[{"count":1,"href":"https:\/\/sindsaudeba.org.br\/portal\/wp-json\/wp\/v2\/posts\/16019\/revisions"}],"predecessor-version":[{"id":16023,"href":"https:\/\/sindsaudeba.org.br\/portal\/wp-json\/wp\/v2\/posts\/16019\/revisions\/16023"}],"wp:featuredmedia":[{"embeddable":true,"href":"https:\/\/sindsaudeba.org.br\/portal\/wp-json\/wp\/v2\/media\/16022"}],"wp:attachment":[{"href":"https:\/\/sindsaudeba.org.br\/portal\/wp-json\/wp\/v2\/media?parent=16019"}],"wp:term":[{"taxonomy":"category","embeddable":true,"href":"https:\/\/sindsaudeba.org.br\/portal\/wp-json\/wp\/v2\/categories?post=16019"},{"taxonomy":"post_tag","embeddable":true,"href":"https:\/\/sindsaudeba.org.br\/portal\/wp-json\/wp\/v2\/tags?post=16019"}],"curies":[{"name":"wp","href":"https:\/\/api.w.org\/{rel}","templated":true}]}}