{"id":16008,"date":"2021-04-25T15:09:05","date_gmt":"2021-04-25T18:09:05","guid":{"rendered":"https:\/\/sindsaudeba.org.br\/portal\/?p=16008"},"modified":"2021-04-25T15:13:12","modified_gmt":"2021-04-25T18:13:12","slug":"cuidar-dos-colegas-servidores-ja-que-os-governos-gritaram-guerra-contra-o-servico-publico-pontuou-ivanilda","status":"publish","type":"post","link":"https:\/\/sindsaudeba.org.br\/portal\/blog\/cuidar-dos-colegas-servidores-ja-que-os-governos-gritaram-guerra-contra-o-servico-publico-pontuou-ivanilda\/","title":{"rendered":"\u201cCuidar dos colegas da sa\u00fade, j\u00e1 que os governos gritaram guerra contra o servidores p\u00fablicos\u201d, pontuou Ivanilda."},"content":{"rendered":"<p><img loading=\"lazy\" class=\"size-medium wp-image-16009 alignleft\" src=\"https:\/\/sindsaudeba.org.br\/portal\/wp-content\/uploads\/2021\/04\/WhatsApp-Image-2021-04-23-at-23.12.42-1-300x300.jpeg\" alt=\"\" width=\"300\" height=\"300\" srcset=\"https:\/\/sindsaudeba.org.br\/portal\/wp-content\/uploads\/2021\/04\/WhatsApp-Image-2021-04-23-at-23.12.42-1-300x300.jpeg 300w, https:\/\/sindsaudeba.org.br\/portal\/wp-content\/uploads\/2021\/04\/WhatsApp-Image-2021-04-23-at-23.12.42-1-1024x1022.jpeg 1024w, https:\/\/sindsaudeba.org.br\/portal\/wp-content\/uploads\/2021\/04\/WhatsApp-Image-2021-04-23-at-23.12.42-1-150x150.jpeg 150w, https:\/\/sindsaudeba.org.br\/portal\/wp-content\/uploads\/2021\/04\/WhatsApp-Image-2021-04-23-at-23.12.42-1-768x767.jpeg 768w, https:\/\/sindsaudeba.org.br\/portal\/wp-content\/uploads\/2021\/04\/WhatsApp-Image-2021-04-23-at-23.12.42-1-570x570.jpeg 570w, https:\/\/sindsaudeba.org.br\/portal\/wp-content\/uploads\/2021\/04\/WhatsApp-Image-2021-04-23-at-23.12.42-1-500x500.jpeg 500w, https:\/\/sindsaudeba.org.br\/portal\/wp-content\/uploads\/2021\/04\/WhatsApp-Image-2021-04-23-at-23.12.42-1-1000x1000.jpeg 1000w, https:\/\/sindsaudeba.org.br\/portal\/wp-content\/uploads\/2021\/04\/WhatsApp-Image-2021-04-23-at-23.12.42-1-700x699.jpeg 700w, https:\/\/sindsaudeba.org.br\/portal\/wp-content\/uploads\/2021\/04\/WhatsApp-Image-2021-04-23-at-23.12.42-1.jpeg 1080w\" sizes=\"(max-width: 300px) 100vw, 300px\" \/>O SindSa\u00fadeBahia ampliando as propostas de combater todas as perdas dos direitos e pensando em cuidar da sa\u00fade dos colegas servidores da Bahia, inicia nesta segunda-feira, 26 de abril de 21, o SindSa\u00fade Bahia Cuida, uma inciativa piloto com tr\u00eas linhas de atendimento neste primeiro momento: nutri\u00e7\u00e3o, psic\u00f3loga fisioterapia para os associados. O objetivo \u00e9 reaproximar e cuidar dos colegas servidores que somos a fortaleza da economia do Estado da Bahia e, mesmo assim, est\u00e3o sobre fortes ataques.<\/p>\n<p>O projeto SindSa\u00fadeBa Cuida, ele atender\u00e1 os servidores p\u00fablicos da sa\u00fade, na capital nesta primeira etapa e em seguida, outras atividades em conjunto com SindSa\u00fade Itinerante pela Bahia v\u00e3o atrelar as atividades jur\u00eddica e sa\u00fade para o trabalhador.<\/p>\n<p>De acordo com a presidente do SindS\u00e1udeBa, Ivanilda Brito, essa iniciativa tem um prop\u00f3sito de dar mais sa\u00fade para os servidores p\u00fablicos. \u201cSa\u00fade do trabalhador \u00e9 uma proposta que vamos ampliar j\u00e1, al\u00e9m do SindSa\u00fadeBa Cuida outras iniciativas estamos organizando para ampliar para todo Estado, assim, todos os servidores da sa\u00fade tem agora a certeza de renova\u00e7\u00e3o, desde ao atendimento a nossa preocupa\u00e7\u00e3o com cada colega servidor, nunca foi f\u00e1cil nossa luta, agora somos algo em todas as esferas de governo, ent\u00e3o somente reconstruindo nossa unidade para podermos lutar em prol dos nossos direitos, para isso, precisamos est\u00e1 bem corpo e mente, al\u00e9m de alinhados juridicamente!\u201d, pontuou presidente.<\/p>\n<p>A diretora de comunica\u00e7\u00e3o Dart Clair, unidade do Hospital Cleriston \u2013 Feira de Santana, o momento \u00e9 de cuidar de todos. \u201cEsse \u00e9 um projeto piloto, vamos ampliar para todo o Estado da Bahia, os nossos profissionais tem adoecidos e perdendo direitos com as \u00faltimas reformas, precisamos est\u00e1 forte, unidos em uma pauta \u2013 nossos direitos, nosso aumento e acima de tudo bem de sa\u00fade\u201d, pontuou.<\/p>\n<p>Os atendimentos est\u00e3o sendo marcados a partir desta segunda-feira, 26 de abril de 2021, atrav\u00e9s do telefone do SindSa\u00fadeBahia.<\/p>\n<p><img loading=\"lazy\" class=\"alignnone size-medium wp-image-16010\" src=\"https:\/\/sindsaudeba.org.br\/portal\/wp-content\/uploads\/2021\/04\/WhatsApp-Image-2021-04-13-at-13.16.01-300x300.jpeg\" alt=\"\" width=\"300\" height=\"300\" srcset=\"https:\/\/sindsaudeba.org.br\/portal\/wp-content\/uploads\/2021\/04\/WhatsApp-Image-2021-04-13-at-13.16.01-300x300.jpeg 300w, https:\/\/sindsaudeba.org.br\/portal\/wp-content\/uploads\/2021\/04\/WhatsApp-Image-2021-04-13-at-13.16.01-1024x1022.jpeg 1024w, https:\/\/sindsaudeba.org.br\/portal\/wp-content\/uploads\/2021\/04\/WhatsApp-Image-2021-04-13-at-13.16.01-150x150.jpeg 150w, https:\/\/sindsaudeba.org.br\/portal\/wp-content\/uploads\/2021\/04\/WhatsApp-Image-2021-04-13-at-13.16.01-768x766.jpeg 768w, https:\/\/sindsaudeba.org.br\/portal\/wp-content\/uploads\/2021\/04\/WhatsApp-Image-2021-04-13-at-13.16.01-570x570.jpeg 570w, https:\/\/sindsaudeba.org.br\/portal\/wp-content\/uploads\/2021\/04\/WhatsApp-Image-2021-04-13-at-13.16.01-500x500.jpeg 500w, https:\/\/sindsaudeba.org.br\/portal\/wp-content\/uploads\/2021\/04\/WhatsApp-Image-2021-04-13-at-13.16.01-1000x1000.jpeg 1000w, https:\/\/sindsaudeba.org.br\/portal\/wp-content\/uploads\/2021\/04\/WhatsApp-Image-2021-04-13-at-13.16.01-700x698.jpeg 700w, https:\/\/sindsaudeba.org.br\/portal\/wp-content\/uploads\/2021\/04\/WhatsApp-Image-2021-04-13-at-13.16.01.jpeg 1280w\" sizes=\"(max-width: 300px) 100vw, 300px\" \/><\/p>\n","protected":false},"excerpt":{"rendered":"<p>O SindSa\u00fadeBahia ampliando as propostas de combater todas as perdas dos direitos e pensando em cuidar da sa\u00fade dos colegas servidores da Bahia, inicia nesta segunda-feira, 26 de abril de 21, o SindSa\u00fade Bahia Cuida, uma inciativa piloto com tr\u00eas linhas de atendimento neste primeiro&#8230;<\/p>\n","protected":false},"author":2,"featured_media":16009,"comment_status":"open","ping_status":"open","sticky":false,"template":"","format":"standard","meta":[],"categories":[11,5,6],"tags":[],"amp_validity":null,"amp_enabled":true,"_links":{"self":[{"href":"https:\/\/sindsaudeba.org.br\/portal\/wp-json\/wp\/v2\/posts\/16008"}],"collection":[{"href":"https:\/\/sindsaudeba.org.br\/portal\/wp-json\/wp\/v2\/posts"}],"about":[{"href":"https:\/\/sindsaudeba.org.br\/portal\/wp-json\/wp\/v2\/types\/post"}],"author":[{"embeddable":true,"href":"https:\/\/sindsaudeba.org.br\/portal\/wp-json\/wp\/v2\/users\/2"}],"replies":[{"embeddable":true,"href":"https:\/\/sindsaudeba.org.br\/portal\/wp-json\/wp\/v2\/comments?post=16008"}],"version-history":[{"count":4,"href":"https:\/\/sindsaudeba.org.br\/portal\/wp-json\/wp\/v2\/posts\/16008\/revisions"}],"predecessor-version":[{"id":16014,"href":"https:\/\/sindsaudeba.org.br\/portal\/wp-json\/wp\/v2\/posts\/16008\/revisions\/16014"}],"wp:featuredmedia":[{"embeddable":true,"href":"https:\/\/sindsaudeba.org.br\/portal\/wp-json\/wp\/v2\/media\/16009"}],"wp:attachment":[{"href":"https:\/\/sindsaudeba.org.br\/portal\/wp-json\/wp\/v2\/media?parent=16008"}],"wp:term":[{"taxonomy":"category","embeddable":true,"href":"https:\/\/sindsaudeba.org.br\/portal\/wp-json\/wp\/v2\/categories?post=16008"},{"taxonomy":"post_tag","embeddable":true,"href":"https:\/\/sindsaudeba.org.br\/portal\/wp-json\/wp\/v2\/tags?post=16008"}],"curies":[{"name":"wp","href":"https:\/\/api.w.org\/{rel}","templated":true}]}}