{"id":15989,"date":"2021-04-12T22:21:54","date_gmt":"2021-04-13T01:21:54","guid":{"rendered":"https:\/\/sindsaudeba.org.br\/portal\/?p=15989"},"modified":"2021-04-12T22:33:10","modified_gmt":"2021-04-13T01:33:10","slug":"sindsaudebahia-lanca-novo-video-vacina-para-todos-ja","status":"publish","type":"post","link":"https:\/\/sindsaudeba.org.br\/portal\/blog\/sindsaudebahia-lanca-novo-video-vacina-para-todos-ja\/","title":{"rendered":"SindSa\u00fadeBahia lan\u00e7a novo v\u00eddeo \u201cVacina Para Todos, j\u00e1!\u201d"},"content":{"rendered":"<p><img loading=\"lazy\" class=\"alignnone size-medium wp-image-15990\" src=\"https:\/\/sindsaudeba.org.br\/portal\/wp-content\/uploads\/2021\/04\/254967a3-46fe-4429-94a7-51a2c8e80df8-300x225.jpg\" alt=\"\" width=\"300\" height=\"225\" srcset=\"https:\/\/sindsaudeba.org.br\/portal\/wp-content\/uploads\/2021\/04\/254967a3-46fe-4429-94a7-51a2c8e80df8-300x225.jpg 300w, https:\/\/sindsaudeba.org.br\/portal\/wp-content\/uploads\/2021\/04\/254967a3-46fe-4429-94a7-51a2c8e80df8-768x576.jpg 768w, https:\/\/sindsaudeba.org.br\/portal\/wp-content\/uploads\/2021\/04\/254967a3-46fe-4429-94a7-51a2c8e80df8-800x600.jpg 800w, https:\/\/sindsaudeba.org.br\/portal\/wp-content\/uploads\/2021\/04\/254967a3-46fe-4429-94a7-51a2c8e80df8-700x525.jpg 700w, https:\/\/sindsaudeba.org.br\/portal\/wp-content\/uploads\/2021\/04\/254967a3-46fe-4429-94a7-51a2c8e80df8.jpg 1024w\" sizes=\"(max-width: 300px) 100vw, 300px\" \/><img loading=\"lazy\" class=\"alignnone wp-image-15991\" src=\"https:\/\/sindsaudeba.org.br\/portal\/wp-content\/uploads\/2021\/04\/80181ddc-3e63-40af-96c2-afca65fd00ee-225x300.jpg\" alt=\"\" width=\"169\" height=\"225\" srcset=\"https:\/\/sindsaudeba.org.br\/portal\/wp-content\/uploads\/2021\/04\/80181ddc-3e63-40af-96c2-afca65fd00ee-225x300.jpg 225w, https:\/\/sindsaudeba.org.br\/portal\/wp-content\/uploads\/2021\/04\/80181ddc-3e63-40af-96c2-afca65fd00ee-600x800.jpg 600w, https:\/\/sindsaudeba.org.br\/portal\/wp-content\/uploads\/2021\/04\/80181ddc-3e63-40af-96c2-afca65fd00ee-700x933.jpg 700w, https:\/\/sindsaudeba.org.br\/portal\/wp-content\/uploads\/2021\/04\/80181ddc-3e63-40af-96c2-afca65fd00ee.jpg 768w\" sizes=\"(max-width: 169px) 100vw, 169px\" \/><\/p>\n<p>Com o objetivo de incentivar a popula\u00e7\u00e3o a se vacinar contra o novo coronav\u00edrus, defender o SUS e garantir uma retomada da economia de qualidade e respons\u00e1vel, o SindSa\u00fadeBahia lan\u00e7ou na noite desta segunda-feira, 12 de abril de 2021, a segunda etapa da Campanha \u201cVacina para Todos, j\u00e1!\u201d em todas as plataformas da entidade.<\/p>\n<p>O v\u00eddeo, que tamb\u00e9m faz uma homenagem a todos os profissionais de sa\u00fade, em especial aos servidores p\u00fablicos do Estado da Bahia. Foi criado a partir de recortes de e movimentos sincronizados com os profissionais e gravados em locais aleat\u00f3rios.<\/p>\n<p>Com realiza\u00e7\u00e3o, grava\u00e7\u00e3o e edi\u00e7\u00e3o da equipe de comunica\u00e7\u00e3o do SinSa\u00fadeBahia, a diretora da pasta, Dart Clair, afirma que outras a\u00e7\u00f5es v\u00e3o ainda serem divulgadas. \u201cEstamos melhorando a pasta, outra a\u00e7\u00e3o \u00e9 o recadastramento dos servidores da sa\u00fade, para que possamos repassar as informa\u00e7\u00f5es no whatsapp e e-mail de cada colega, ent\u00e3o, o v\u00eddeo \u00e9 para fortalecer o SUS e a vacina\u00e7\u00e3o, as outras campanhas \u00e9 para alinhar melhor a interrela\u00e7\u00e3o entre sindicado e servidores\u201d, pontuou Dart.<\/p>\n<p>Texto do v\u00eddeo:<\/p>\n<p>*vacina salva, vacina \u00e9 a nossa esperan\u00e7a*!<\/p>\n<p>*Veja o v\u00eddeo completo e compartilhe com todos os brasileiros(as)*<\/p>\n<p>Agora *somos todos juntos*, eu e voc\u00ea, por dias melhores, pela defesa da vida, pelo fortalecimento da nossa economia. *Na bula desse enorme desafio*, um sonho novo vem nascendo com cada brasileiro vacinado.<\/p>\n<p>H\u00e1 *medo*, h\u00e1 *afli\u00e7\u00e3o*, h\u00e1 tantas *interroga\u00e7\u00f5es*&#8230; no *r\u00f3tulo da vida: vacina salva, vacina \u00e9 um novo sorriso e uma nova esperan\u00e7a*.<\/p>\n<p>Vacine-se *por voc\u00ea*, *por n\u00f3s*, *pela fam\u00edlia*, *pela economia*, *por todos*!<\/p>\n<p>Vacina j\u00e1! viva o sus!!!<\/p>\n<p>&nbsp;<\/p>\n<p>Confira v\u00eddeo:<\/p>\n<p><iframe title=\"Vacina Para todos\" width=\"1060\" height=\"596\" src=\"https:\/\/www.youtube.com\/embed\/JuKuj5jyVC4?feature=oembed\" frameborder=\"0\" allow=\"accelerometer; autoplay; clipboard-write; encrypted-media; gyroscope; picture-in-picture\" allowfullscreen><\/iframe><\/p>\n","protected":false},"excerpt":{"rendered":"<p>Com o objetivo de incentivar a popula\u00e7\u00e3o a se vacinar contra o novo coronav\u00edrus, defender o SUS e garantir uma retomada da economia de qualidade e respons\u00e1vel, o SindSa\u00fadeBahia lan\u00e7ou na noite desta segunda-feira, 12 de abril de 2021, a segunda etapa da Campanha \u201cVacina&#8230;<\/p>\n","protected":false},"author":2,"featured_media":15993,"comment_status":"open","ping_status":"open","sticky":false,"template":"","format":"standard","meta":[],"categories":[11,6,7],"tags":[],"amp_validity":null,"amp_enabled":true,"_links":{"self":[{"href":"https:\/\/sindsaudeba.org.br\/portal\/wp-json\/wp\/v2\/posts\/15989"}],"collection":[{"href":"https:\/\/sindsaudeba.org.br\/portal\/wp-json\/wp\/v2\/posts"}],"about":[{"href":"https:\/\/sindsaudeba.org.br\/portal\/wp-json\/wp\/v2\/types\/post"}],"author":[{"embeddable":true,"href":"https:\/\/sindsaudeba.org.br\/portal\/wp-json\/wp\/v2\/users\/2"}],"replies":[{"embeddable":true,"href":"https:\/\/sindsaudeba.org.br\/portal\/wp-json\/wp\/v2\/comments?post=15989"}],"version-history":[{"count":1,"href":"https:\/\/sindsaudeba.org.br\/portal\/wp-json\/wp\/v2\/posts\/15989\/revisions"}],"predecessor-version":[{"id":15994,"href":"https:\/\/sindsaudeba.org.br\/portal\/wp-json\/wp\/v2\/posts\/15989\/revisions\/15994"}],"wp:featuredmedia":[{"embeddable":true,"href":"https:\/\/sindsaudeba.org.br\/portal\/wp-json\/wp\/v2\/media\/15993"}],"wp:attachment":[{"href":"https:\/\/sindsaudeba.org.br\/portal\/wp-json\/wp\/v2\/media?parent=15989"}],"wp:term":[{"taxonomy":"category","embeddable":true,"href":"https:\/\/sindsaudeba.org.br\/portal\/wp-json\/wp\/v2\/categories?post=15989"},{"taxonomy":"post_tag","embeddable":true,"href":"https:\/\/sindsaudeba.org.br\/portal\/wp-json\/wp\/v2\/tags?post=15989"}],"curies":[{"name":"wp","href":"https:\/\/api.w.org\/{rel}","templated":true}]}}