{"id":15978,"date":"2021-04-07T14:35:13","date_gmt":"2021-04-07T17:35:13","guid":{"rendered":"https:\/\/sindsaudeba.org.br\/portal\/?p=15978"},"modified":"2021-04-07T14:38:50","modified_gmt":"2021-04-07T17:38:50","slug":"dia-mundial-da-saude-live-especial","status":"publish","type":"post","link":"https:\/\/sindsaudeba.org.br\/portal\/blog\/dia-mundial-da-saude-live-especial\/","title":{"rendered":"Dia Mundial da Sa\u00fade live especial"},"content":{"rendered":"<p><img loading=\"lazy\" class=\"alignnone size-medium wp-image-15979\" src=\"https:\/\/sindsaudeba.org.br\/portal\/wp-content\/uploads\/2021\/04\/168466753_4014454131926762_5456946240106623650_n-300x300.jpg\" alt=\"\" width=\"300\" height=\"300\" srcset=\"https:\/\/sindsaudeba.org.br\/portal\/wp-content\/uploads\/2021\/04\/168466753_4014454131926762_5456946240106623650_n-300x300.jpg 300w, https:\/\/sindsaudeba.org.br\/portal\/wp-content\/uploads\/2021\/04\/168466753_4014454131926762_5456946240106623650_n-150x150.jpg 150w, https:\/\/sindsaudeba.org.br\/portal\/wp-content\/uploads\/2021\/04\/168466753_4014454131926762_5456946240106623650_n-768x768.jpg 768w, https:\/\/sindsaudeba.org.br\/portal\/wp-content\/uploads\/2021\/04\/168466753_4014454131926762_5456946240106623650_n-570x570.jpg 570w, https:\/\/sindsaudeba.org.br\/portal\/wp-content\/uploads\/2021\/04\/168466753_4014454131926762_5456946240106623650_n-500x500.jpg 500w, https:\/\/sindsaudeba.org.br\/portal\/wp-content\/uploads\/2021\/04\/168466753_4014454131926762_5456946240106623650_n-700x700.jpg 700w, https:\/\/sindsaudeba.org.br\/portal\/wp-content\/uploads\/2021\/04\/168466753_4014454131926762_5456946240106623650_n.jpg 1000w\" sizes=\"(max-width: 300px) 100vw, 300px\" \/><\/p>\n<p>Voc\u00ea n\u00e3o pode perder esse importante debate com essas duas guerreiras da sa\u00fade na Bahia. Vivemos a maior crise sanit\u00e1ria e hospitalar da hist\u00f3ria e o pa\u00eds segue batendo recordes de mortes e sem vacina. Neste Dia Mundial da Sa\u00fade, vamos discutir os principais temas da pandemia e intensificar a luta em defesa do SUS, da ci\u00eancia, dos profissionais da sa\u00fade e da vacina\u00e7\u00e3o para todos e todas<\/p>\n<p>J\u00e1 coloca na agenda: live no Instagram @aliceportugal, \u00e0s 18h. N\u00e3o perca. Acompanhe e participe<\/p>\n<p>&nbsp;<\/p>\n","protected":false},"excerpt":{"rendered":"<p>Voc\u00ea n\u00e3o pode perder esse importante debate com essas duas guerreiras da sa\u00fade na Bahia. Vivemos a maior crise sanit\u00e1ria e hospitalar da hist\u00f3ria e o pa\u00eds segue batendo recordes de mortes e sem vacina. Neste Dia Mundial da Sa\u00fade, vamos discutir os principais temas&#8230;<\/p>\n","protected":false},"author":2,"featured_media":15979,"comment_status":"open","ping_status":"open","sticky":false,"template":"","format":"standard","meta":[],"categories":[11,5,6],"tags":[],"amp_validity":null,"amp_enabled":true,"_links":{"self":[{"href":"https:\/\/sindsaudeba.org.br\/portal\/wp-json\/wp\/v2\/posts\/15978"}],"collection":[{"href":"https:\/\/sindsaudeba.org.br\/portal\/wp-json\/wp\/v2\/posts"}],"about":[{"href":"https:\/\/sindsaudeba.org.br\/portal\/wp-json\/wp\/v2\/types\/post"}],"author":[{"embeddable":true,"href":"https:\/\/sindsaudeba.org.br\/portal\/wp-json\/wp\/v2\/users\/2"}],"replies":[{"embeddable":true,"href":"https:\/\/sindsaudeba.org.br\/portal\/wp-json\/wp\/v2\/comments?post=15978"}],"version-history":[{"count":1,"href":"https:\/\/sindsaudeba.org.br\/portal\/wp-json\/wp\/v2\/posts\/15978\/revisions"}],"predecessor-version":[{"id":15980,"href":"https:\/\/sindsaudeba.org.br\/portal\/wp-json\/wp\/v2\/posts\/15978\/revisions\/15980"}],"wp:featuredmedia":[{"embeddable":true,"href":"https:\/\/sindsaudeba.org.br\/portal\/wp-json\/wp\/v2\/media\/15979"}],"wp:attachment":[{"href":"https:\/\/sindsaudeba.org.br\/portal\/wp-json\/wp\/v2\/media?parent=15978"}],"wp:term":[{"taxonomy":"category","embeddable":true,"href":"https:\/\/sindsaudeba.org.br\/portal\/wp-json\/wp\/v2\/categories?post=15978"},{"taxonomy":"post_tag","embeddable":true,"href":"https:\/\/sindsaudeba.org.br\/portal\/wp-json\/wp\/v2\/tags?post=15978"}],"curies":[{"name":"wp","href":"https:\/\/api.w.org\/{rel}","templated":true}]}}