{"id":15975,"date":"2021-04-07T14:07:50","date_gmt":"2021-04-07T17:07:50","guid":{"rendered":"https:\/\/sindsaudeba.org.br\/portal\/?p=15975"},"modified":"2021-04-07T14:07:50","modified_gmt":"2021-04-07T17:07:50","slug":"servidores-publicos-da-saude-pedem-respeito-pontua-a-presidente-ivanilda","status":"publish","type":"post","link":"https:\/\/sindsaudeba.org.br\/portal\/blog\/servidores-publicos-da-saude-pedem-respeito-pontua-a-presidente-ivanilda\/","title":{"rendered":"\u201cServidores P\u00fablicos da Sa\u00fade pedem respeito\u201d, pontua a presidente Ivanilda."},"content":{"rendered":"<p><img loading=\"lazy\" class=\"size-medium wp-image-15976 alignleft\" src=\"https:\/\/sindsaudeba.org.br\/portal\/wp-content\/uploads\/2021\/04\/168349396_4014313918607450_4820293912916705373_n-1-300x300.jpg\" alt=\"\" width=\"300\" height=\"300\" srcset=\"https:\/\/sindsaudeba.org.br\/portal\/wp-content\/uploads\/2021\/04\/168349396_4014313918607450_4820293912916705373_n-1-300x300.jpg 300w, https:\/\/sindsaudeba.org.br\/portal\/wp-content\/uploads\/2021\/04\/168349396_4014313918607450_4820293912916705373_n-1-1024x1024.jpg 1024w, https:\/\/sindsaudeba.org.br\/portal\/wp-content\/uploads\/2021\/04\/168349396_4014313918607450_4820293912916705373_n-1-150x150.jpg 150w, https:\/\/sindsaudeba.org.br\/portal\/wp-content\/uploads\/2021\/04\/168349396_4014313918607450_4820293912916705373_n-1-768x768.jpg 768w, https:\/\/sindsaudeba.org.br\/portal\/wp-content\/uploads\/2021\/04\/168349396_4014313918607450_4820293912916705373_n-1-570x570.jpg 570w, https:\/\/sindsaudeba.org.br\/portal\/wp-content\/uploads\/2021\/04\/168349396_4014313918607450_4820293912916705373_n-1-500x500.jpg 500w, https:\/\/sindsaudeba.org.br\/portal\/wp-content\/uploads\/2021\/04\/168349396_4014313918607450_4820293912916705373_n-1-1000x1000.jpg 1000w, https:\/\/sindsaudeba.org.br\/portal\/wp-content\/uploads\/2021\/04\/168349396_4014313918607450_4820293912916705373_n-1-700x700.jpg 700w, https:\/\/sindsaudeba.org.br\/portal\/wp-content\/uploads\/2021\/04\/168349396_4014313918607450_4820293912916705373_n-1.jpg 1084w\" sizes=\"(max-width: 300px) 100vw, 300px\" \/>Hoje, 7 de abril \u00e9 o Dia Mundial da Sa\u00fade. No mundo inteiro, a OMS incentiva o debate sobre temas que dizem respeito a esse direito universal do ser humano, que cabe ao Estado atender. No Brasil a discuss\u00e3o \u00e9 ainda mais importante, diante do processo de ataque aos direitos trabalhistas e sociais onde nunca se acabam na prote\u00e7\u00e3o dos trabalhadores, sempre no desmonte da vida. Por isso, o SindSa\u00fadeBahia, sindicato dos servidores p\u00fablicos da Secretaria de Sa\u00fade do Estado da Bahia n\u00e3o cansa de dialogar com colegas ativos e aposentados. \u201cDefender o SUS e as nossas conquistas hist\u00f3ricas s\u00e3o os pontos de sobreviv\u00eancia, somos servidores p\u00fablicos e estamos sendo mortos pela Covid19 e pela falta de respeito do Governo do Estado\u201d, pontuou a presidente Ivanilda Brito.<\/p>\n<p>Em 2015, sendo que estamos em 2021, um manifesto ganhou m\u00eddia e ampla divulga\u00e7\u00e3o com a proposta da Frente em Defesa do Sistema \u00danico de Sa\u00fade (ABRASUS), na \u00e9poca\u201d, o documento &#8211; assinado por parlamentares, entidades de classe e sociedade civil organizada &#8211; lista diretrizes importantes na defesa da sa\u00fade p\u00fablica, que at\u00e9 o ano atual, n\u00e3o se fez nada para mudar.<\/p>\n<p>Lamentavelmente, quando se fala de sa\u00fade p\u00fablica e universal pensamos somente no tratamento de pessoas doentes, quando a maior a\u00e7\u00e3o \u00e9 impedir que as pessoas adoe\u00e7am. O SUS \u00e9 muito mais que o atendimento nos hospitais. O sistema beneficia cerca de 180 milh\u00f5es de brasileiros e realiza por ano cerca de 2,8 bilh\u00f5es de atendimentos, desde procedimentos ambulatoriais simples a aqueles de alta complexidade, como transplantes de \u00f3rg\u00e3os. O SUS tamb\u00e9m promove campanhas de vacina\u00e7\u00e3o e a\u00e7\u00f5es de preven\u00e7\u00e3o de vigil\u00e2ncia sanit\u00e1ria, como fiscaliza\u00e7\u00e3o de alimentos e registro de medicamentos.<\/p>\n<p>Neste contexto, a luta pelo reconhecimento e luta em 2021 amplia pela Vacina para Todos, a \u00fanica forma de salvar a popula\u00e7\u00e3o brasileira. Neste dia 7 de abril, al\u00e9m do direito a sa\u00fade p\u00fablica de qualidade, respeito aos trabalhadores da sa\u00fade, melhores sal\u00e1rios para \u00e1reas administrativa e enfermagem, s\u00f3 a vacina para economia voltar a crescer e dias melhores para todos os baianos.<\/p>\n<p>&nbsp;<\/p>\n<p>&nbsp;<\/p>\n<p>&nbsp;<\/p>\n","protected":false},"excerpt":{"rendered":"<p>Hoje, 7 de abril \u00e9 o Dia Mundial da Sa\u00fade. No mundo inteiro, a OMS incentiva o debate sobre temas que dizem respeito a esse direito universal do ser humano, que cabe ao Estado atender. No Brasil a discuss\u00e3o \u00e9 ainda mais importante, diante do&#8230;<\/p>\n","protected":false},"author":2,"featured_media":15976,"comment_status":"open","ping_status":"open","sticky":false,"template":"","format":"standard","meta":[],"categories":[11,6,7],"tags":[],"amp_validity":null,"amp_enabled":true,"_links":{"self":[{"href":"https:\/\/sindsaudeba.org.br\/portal\/wp-json\/wp\/v2\/posts\/15975"}],"collection":[{"href":"https:\/\/sindsaudeba.org.br\/portal\/wp-json\/wp\/v2\/posts"}],"about":[{"href":"https:\/\/sindsaudeba.org.br\/portal\/wp-json\/wp\/v2\/types\/post"}],"author":[{"embeddable":true,"href":"https:\/\/sindsaudeba.org.br\/portal\/wp-json\/wp\/v2\/users\/2"}],"replies":[{"embeddable":true,"href":"https:\/\/sindsaudeba.org.br\/portal\/wp-json\/wp\/v2\/comments?post=15975"}],"version-history":[{"count":1,"href":"https:\/\/sindsaudeba.org.br\/portal\/wp-json\/wp\/v2\/posts\/15975\/revisions"}],"predecessor-version":[{"id":15977,"href":"https:\/\/sindsaudeba.org.br\/portal\/wp-json\/wp\/v2\/posts\/15975\/revisions\/15977"}],"wp:featuredmedia":[{"embeddable":true,"href":"https:\/\/sindsaudeba.org.br\/portal\/wp-json\/wp\/v2\/media\/15976"}],"wp:attachment":[{"href":"https:\/\/sindsaudeba.org.br\/portal\/wp-json\/wp\/v2\/media?parent=15975"}],"wp:term":[{"taxonomy":"category","embeddable":true,"href":"https:\/\/sindsaudeba.org.br\/portal\/wp-json\/wp\/v2\/categories?post=15975"},{"taxonomy":"post_tag","embeddable":true,"href":"https:\/\/sindsaudeba.org.br\/portal\/wp-json\/wp\/v2\/tags?post=15975"}],"curies":[{"name":"wp","href":"https:\/\/api.w.org\/{rel}","templated":true}]}}