{"id":15961,"date":"2021-03-22T09:17:06","date_gmt":"2021-03-22T12:17:06","guid":{"rendered":"https:\/\/sindsaudeba.org.br\/portal\/?p=15961"},"modified":"2021-03-22T09:17:06","modified_gmt":"2021-03-22T12:17:06","slug":"sindsaude-bahia-funciona-como-ponto-fixo-de-vacinacao","status":"publish","type":"post","link":"https:\/\/sindsaudeba.org.br\/portal\/blog\/sindsaude-bahia-funciona-como-ponto-fixo-de-vacinacao\/","title":{"rendered":"SINDSA\u00daDE BAHIA FUNCIONA COMO PONTO FIXO DE VACINA\u00c7\u00c3O"},"content":{"rendered":"<p>SINDSA\u00daDE BAHIA FUNCIONA COMO PONTO FIXO DE VACINA\u00c7\u00c3O CONTRA COVID 19 PARA ENFERMEIROS AUTOMOS E CADASTRADOS<\/p>\n<p><img loading=\"lazy\" class=\"size-medium wp-image-15963 alignleft\" src=\"https:\/\/sindsaudeba.org.br\/portal\/wp-content\/uploads\/2021\/03\/WhatsApp-Image-2021-03-21-at-15.04.05-240x300.jpeg\" alt=\"\" width=\"240\" height=\"300\" srcset=\"https:\/\/sindsaudeba.org.br\/portal\/wp-content\/uploads\/2021\/03\/WhatsApp-Image-2021-03-21-at-15.04.05-240x300.jpeg 240w, https:\/\/sindsaudeba.org.br\/portal\/wp-content\/uploads\/2021\/03\/WhatsApp-Image-2021-03-21-at-15.04.05-819x1024.jpeg 819w, https:\/\/sindsaudeba.org.br\/portal\/wp-content\/uploads\/2021\/03\/WhatsApp-Image-2021-03-21-at-15.04.05-768x960.jpeg 768w, https:\/\/sindsaudeba.org.br\/portal\/wp-content\/uploads\/2021\/03\/WhatsApp-Image-2021-03-21-at-15.04.05-700x875.jpeg 700w, https:\/\/sindsaudeba.org.br\/portal\/wp-content\/uploads\/2021\/03\/WhatsApp-Image-2021-03-21-at-15.04.05.jpeg 1024w\" sizes=\"(max-width: 240px) 100vw, 240px\" \/>O Sindsa\u00fadeBa, em Nazar\u00e9, vai funcionar nesta segunda-feira (22), como um ponto fixo de vacina\u00e7\u00e3o para enfermeiros aut\u00f4nomos e cadastrados, contra a Covid 19. A solicita\u00e7\u00e3o foi feita pela Secretaria Municipal de Sa\u00fade de Salvador que come\u00e7a a aplicar a 1\u00aa dose da vacina contra a Covid-19 nestes profissionais. O servi\u00e7o vai ser realizado das 8h \u00e0s 16h. Os pontos fixos tamb\u00e9m v\u00e3o funcionar no Sindicato dos Enfermeiros, em Amaralina, e no Conselho Regional de Enfermagem, nos Barris.<\/p>\n<p><img loading=\"lazy\" class=\"size-medium wp-image-15950 alignleft\" src=\"https:\/\/sindsaudeba.org.br\/portal\/wp-content\/uploads\/2021\/03\/152709549_3886078154764361_7440470941655857018_o-300x79.png\" alt=\"\" width=\"300\" height=\"79\" srcset=\"https:\/\/sindsaudeba.org.br\/portal\/wp-content\/uploads\/2021\/03\/152709549_3886078154764361_7440470941655857018_o-300x79.png 300w, https:\/\/sindsaudeba.org.br\/portal\/wp-content\/uploads\/2021\/03\/152709549_3886078154764361_7440470941655857018_o-1024x269.png 1024w, https:\/\/sindsaudeba.org.br\/portal\/wp-content\/uploads\/2021\/03\/152709549_3886078154764361_7440470941655857018_o-768x202.png 768w, https:\/\/sindsaudeba.org.br\/portal\/wp-content\/uploads\/2021\/03\/152709549_3886078154764361_7440470941655857018_o-700x184.png 700w, https:\/\/sindsaudeba.org.br\/portal\/wp-content\/uploads\/2021\/03\/152709549_3886078154764361_7440470941655857018_o.png 1467w\" sizes=\"(max-width: 300px) 100vw, 300px\" \/><\/p>\n<p>Na Bahia, de acordo com o \u00faltimo boletim divulgado pela Sesab, neste domingo ao meio dia, 348,286 trabalhadores da Sa\u00fade, na linha de frente de combate \u00e0 Covid 19, j\u00e1 haviam sido vacinados. A expectativa \u00e9 de que sete mil enfermeiros aut\u00f4nomos sejam vacinados s\u00f3 na capital.<\/p>\n<p>Os enfermeiros aut\u00f4nomos e cadastrados devem apresentar carteira do conselho da classe mais c\u00f3pia do \u00faltimo imposto de renda ou comprovante, atualizado, de pagamento do ISS, contrato de Pessoa Jur\u00eddica ativa ou \u00faltima nota fiscal.<\/p>\n<p><img loading=\"lazy\" class=\"size-medium wp-image-15962 alignleft\" src=\"https:\/\/sindsaudeba.org.br\/portal\/wp-content\/uploads\/2021\/03\/capa-twitter-300x100.png\" alt=\"\" width=\"300\" height=\"100\" srcset=\"https:\/\/sindsaudeba.org.br\/portal\/wp-content\/uploads\/2021\/03\/capa-twitter-300x100.png 300w, https:\/\/sindsaudeba.org.br\/portal\/wp-content\/uploads\/2021\/03\/capa-twitter-1024x341.png 1024w, https:\/\/sindsaudeba.org.br\/portal\/wp-content\/uploads\/2021\/03\/capa-twitter-768x256.png 768w, https:\/\/sindsaudeba.org.br\/portal\/wp-content\/uploads\/2021\/03\/capa-twitter-700x233.png 700w, https:\/\/sindsaudeba.org.br\/portal\/wp-content\/uploads\/2021\/03\/capa-twitter.png 1500w\" sizes=\"(max-width: 300px) 100vw, 300px\" \/><\/p>\n","protected":false},"excerpt":{"rendered":"<p>SINDSA\u00daDE BAHIA FUNCIONA COMO PONTO FIXO DE VACINA\u00c7\u00c3O CONTRA COVID 19 PARA ENFERMEIROS AUTOMOS E CADASTRADOS O Sindsa\u00fadeBa, em Nazar\u00e9, vai funcionar nesta segunda-feira (22), como um ponto fixo de vacina\u00e7\u00e3o para enfermeiros aut\u00f4nomos e cadastrados, contra a Covid 19. A solicita\u00e7\u00e3o foi feita pela&#8230;<\/p>\n","protected":false},"author":2,"featured_media":15963,"comment_status":"open","ping_status":"open","sticky":false,"template":"","format":"standard","meta":[],"categories":[11,6,7],"tags":[],"amp_validity":null,"amp_enabled":true,"_links":{"self":[{"href":"https:\/\/sindsaudeba.org.br\/portal\/wp-json\/wp\/v2\/posts\/15961"}],"collection":[{"href":"https:\/\/sindsaudeba.org.br\/portal\/wp-json\/wp\/v2\/posts"}],"about":[{"href":"https:\/\/sindsaudeba.org.br\/portal\/wp-json\/wp\/v2\/types\/post"}],"author":[{"embeddable":true,"href":"https:\/\/sindsaudeba.org.br\/portal\/wp-json\/wp\/v2\/users\/2"}],"replies":[{"embeddable":true,"href":"https:\/\/sindsaudeba.org.br\/portal\/wp-json\/wp\/v2\/comments?post=15961"}],"version-history":[{"count":1,"href":"https:\/\/sindsaudeba.org.br\/portal\/wp-json\/wp\/v2\/posts\/15961\/revisions"}],"predecessor-version":[{"id":15964,"href":"https:\/\/sindsaudeba.org.br\/portal\/wp-json\/wp\/v2\/posts\/15961\/revisions\/15964"}],"wp:featuredmedia":[{"embeddable":true,"href":"https:\/\/sindsaudeba.org.br\/portal\/wp-json\/wp\/v2\/media\/15963"}],"wp:attachment":[{"href":"https:\/\/sindsaudeba.org.br\/portal\/wp-json\/wp\/v2\/media?parent=15961"}],"wp:term":[{"taxonomy":"category","embeddable":true,"href":"https:\/\/sindsaudeba.org.br\/portal\/wp-json\/wp\/v2\/categories?post=15961"},{"taxonomy":"post_tag","embeddable":true,"href":"https:\/\/sindsaudeba.org.br\/portal\/wp-json\/wp\/v2\/tags?post=15961"}],"curies":[{"name":"wp","href":"https:\/\/api.w.org\/{rel}","templated":true}]}}