{"id":15952,"date":"2021-03-10T13:39:27","date_gmt":"2021-03-10T16:39:27","guid":{"rendered":"https:\/\/sindsaudeba.org.br\/portal\/?p=15952"},"modified":"2021-03-10T13:39:27","modified_gmt":"2021-03-10T16:39:27","slug":"live-debate-o-pior-momento-da-pandemia-para-os-profissionais-de-saude","status":"publish","type":"post","link":"https:\/\/sindsaudeba.org.br\/portal\/blog\/live-debate-o-pior-momento-da-pandemia-para-os-profissionais-de-saude\/","title":{"rendered":"LIVE DEBATE O PIOR MOMENTO DA PANDEMIA PARA OS PROFISSIONAIS DE SA\u00daDE"},"content":{"rendered":"<p><img loading=\"lazy\" class=\"size-medium wp-image-15953 alignleft\" src=\"https:\/\/sindsaudeba.org.br\/portal\/wp-content\/uploads\/2021\/03\/WhatsApp-Image-2021-03-10-at-10.43.10-300x300.jpeg\" alt=\"\" width=\"300\" height=\"300\" srcset=\"https:\/\/sindsaudeba.org.br\/portal\/wp-content\/uploads\/2021\/03\/WhatsApp-Image-2021-03-10-at-10.43.10-300x300.jpeg 300w, https:\/\/sindsaudeba.org.br\/portal\/wp-content\/uploads\/2021\/03\/WhatsApp-Image-2021-03-10-at-10.43.10-1024x1022.jpeg 1024w, https:\/\/sindsaudeba.org.br\/portal\/wp-content\/uploads\/2021\/03\/WhatsApp-Image-2021-03-10-at-10.43.10-150x150.jpeg 150w, https:\/\/sindsaudeba.org.br\/portal\/wp-content\/uploads\/2021\/03\/WhatsApp-Image-2021-03-10-at-10.43.10-768x767.jpeg 768w, https:\/\/sindsaudeba.org.br\/portal\/wp-content\/uploads\/2021\/03\/WhatsApp-Image-2021-03-10-at-10.43.10-570x570.jpeg 570w, https:\/\/sindsaudeba.org.br\/portal\/wp-content\/uploads\/2021\/03\/WhatsApp-Image-2021-03-10-at-10.43.10-500x500.jpeg 500w, https:\/\/sindsaudeba.org.br\/portal\/wp-content\/uploads\/2021\/03\/WhatsApp-Image-2021-03-10-at-10.43.10-1000x1000.jpeg 1000w, https:\/\/sindsaudeba.org.br\/portal\/wp-content\/uploads\/2021\/03\/WhatsApp-Image-2021-03-10-at-10.43.10-700x699.jpeg 700w, https:\/\/sindsaudeba.org.br\/portal\/wp-content\/uploads\/2021\/03\/WhatsApp-Image-2021-03-10-at-10.43.10.jpeg 1280w\" sizes=\"(max-width: 300px) 100vw, 300px\" \/>A Bahia, como todo o pa\u00eds, est\u00e1 sob o efeito da segunda onda da Covid-19. Como resultado, o aumento da taxa de contamina\u00e7\u00e3o, do n\u00famero de interna\u00e7\u00f5es, com mais de 85% dos leitos ocupados em todos o estado e tamb\u00e9m o crescimento de mortes. Como consequ\u00eancia, a sobrecarga dos trabalhadores de sa\u00fade.<\/p>\n<p>Um ano depois do registro do primeiro caso da Covid, este \u00e9 o pior momento da pandemia no estado, que bate recordes de casos e mortes. No \u00faltimo boletim, divulgado pela Sesab, no dia 09 de mar\u00e7o, foram registrados 4650 novos casos da doen\u00e7a, o que elevou para 720.068 casos confirmados desde o in\u00edcio da pandemia., no dia foram 103 No estado, 12.735 pessoas j\u00e1 perderam a vida para o coronav\u00edrus.<\/p>\n<p>Dos mais de 720 mil infectados, pelos menos 43 mil s\u00e3o profissionais de sa\u00fade, que neste momento t\u00eam que dividir a grande carga de trabalho com o medo de contamina\u00e7\u00e3o, estresse f\u00edsico e emocional.<\/p>\n<p>Para entender, melhor este cen\u00e1rio, e buscar caminhos para superar este momento, o Comit\u00ea Baiano Vacina no Sus J\u00e1, realiza nesta quinta-feira (11), \u00e0s 7 da noite a Live Pior Momento: A realidade dos profissionais de Sa\u00fade no agravamento da pandemia. As Diretoras do Sindsa\u00fade Bahia, Dart Clair e Edilce Paix\u00e3o participam como convidadas.<\/p>\n<p>&#8220;Com o aumento da pandemia, n\u00f3s profissionais da \u00e1rea de sa\u00fade estamos mais expostos ao risco de contamina\u00e7\u00e3o pelo coronav\u00edrus. Temos enfrentado muitos desafios, como sobrecarga no sistema de sa\u00fade, dobras de plant\u00f5es recorrentes por d\u00e9ficit de profissionais e uma grande exaust\u00e3o f\u00edsica e emocional. Temos a necessidade de sermos respeitados com nossos direitos garantidos e melhores de trabalho, para que possamos ter condi\u00e7\u00f5es dignas para salvar vidas\u201d, relatou a diretora de Comunica\u00e7\u00e3o Dart Clair.<\/p>\n<p>&nbsp;<\/p>\n<p>Dart, que \u00e9 t\u00e9cnica de enfermagem no Hospital Cl\u00e9riston Andrade, em Feira de Santana, defende que \u00e9 necess\u00e1rio refor\u00e7ar as normas de sa\u00fade e seguran\u00e7a no trabalho para preservar a sa\u00fade dos profissionais na linha de frente e que os gestores tenham um olhar sens\u00edvel ao momento que os profissionais est\u00e3o vivendo e ofere\u00e7am melhores condi\u00e7\u00f5es de trabalho.<\/p>\n<p>&nbsp;<\/p>\n<p>Para a editora Edilce, este \u00e9 um momento de tens\u00e3o para todos os trabalhadores da \u00e1rea da sa\u00fade, pois est\u00e3o na linha de frente lidando com algo novo. Ele diz que \u00a0\u00a0\u00a0\u00a0\u00a0existiam precariedades no setor que se escancararam diante da pandemia. Mesmo com os governos estaduais e municipais buscando acertar, est\u00e1 dif\u00edcil suprir tais car\u00eancias. Entretanto n\u00f3s, profissionais, colocamos a empatia na frente e cuidamos do outro.<\/p>\n<p>&nbsp;<\/p>\n<p>\u201cEstamos num momento dif\u00edcil da pandemia, onde se faz necess\u00e1ria medidas mais extremas como: convocar profissionais que prestaram concursos p\u00fablicos, que ficaram um pouco a baixo da linha de corte (do limite das vagas) para desafogar o quantitativo; intensificar campanhas de conscientiza\u00e7\u00e3o e empregar medidas restritivas com multas para quem viola as mesmas\u201d, concluiu a Edilce.<\/p>\n<p>&nbsp;<\/p>\n","protected":false},"excerpt":{"rendered":"<p>A Bahia, como todo o pa\u00eds, est\u00e1 sob o efeito da segunda onda da Covid-19. Como resultado, o aumento da taxa de contamina\u00e7\u00e3o, do n\u00famero de interna\u00e7\u00f5es, com mais de 85% dos leitos ocupados em todos o estado e tamb\u00e9m o crescimento de mortes. Como&#8230;<\/p>\n","protected":false},"author":2,"featured_media":15953,"comment_status":"open","ping_status":"open","sticky":false,"template":"","format":"standard","meta":[],"categories":[11,6,7],"tags":[],"amp_validity":null,"amp_enabled":true,"_links":{"self":[{"href":"https:\/\/sindsaudeba.org.br\/portal\/wp-json\/wp\/v2\/posts\/15952"}],"collection":[{"href":"https:\/\/sindsaudeba.org.br\/portal\/wp-json\/wp\/v2\/posts"}],"about":[{"href":"https:\/\/sindsaudeba.org.br\/portal\/wp-json\/wp\/v2\/types\/post"}],"author":[{"embeddable":true,"href":"https:\/\/sindsaudeba.org.br\/portal\/wp-json\/wp\/v2\/users\/2"}],"replies":[{"embeddable":true,"href":"https:\/\/sindsaudeba.org.br\/portal\/wp-json\/wp\/v2\/comments?post=15952"}],"version-history":[{"count":1,"href":"https:\/\/sindsaudeba.org.br\/portal\/wp-json\/wp\/v2\/posts\/15952\/revisions"}],"predecessor-version":[{"id":15954,"href":"https:\/\/sindsaudeba.org.br\/portal\/wp-json\/wp\/v2\/posts\/15952\/revisions\/15954"}],"wp:featuredmedia":[{"embeddable":true,"href":"https:\/\/sindsaudeba.org.br\/portal\/wp-json\/wp\/v2\/media\/15953"}],"wp:attachment":[{"href":"https:\/\/sindsaudeba.org.br\/portal\/wp-json\/wp\/v2\/media?parent=15952"}],"wp:term":[{"taxonomy":"category","embeddable":true,"href":"https:\/\/sindsaudeba.org.br\/portal\/wp-json\/wp\/v2\/categories?post=15952"},{"taxonomy":"post_tag","embeddable":true,"href":"https:\/\/sindsaudeba.org.br\/portal\/wp-json\/wp\/v2\/tags?post=15952"}],"curies":[{"name":"wp","href":"https:\/\/api.w.org\/{rel}","templated":true}]}}