{"id":15949,"date":"2021-03-04T07:25:17","date_gmt":"2021-03-04T10:25:17","guid":{"rendered":"https:\/\/sindsaudeba.org.br\/portal\/?p=15949"},"modified":"2021-03-04T07:25:17","modified_gmt":"2021-03-04T10:25:17","slug":"secretario-da-saude-debate-vacinacao-e-abertura-de-novos-leitos-na-capital","status":"publish","type":"post","link":"https:\/\/sindsaudeba.org.br\/portal\/blog\/secretario-da-saude-debate-vacinacao-e-abertura-de-novos-leitos-na-capital\/","title":{"rendered":"Secret\u00e1rio da Sa\u00fade debate vacina\u00e7\u00e3o e abertura de novos leitos na capital"},"content":{"rendered":"<p><img loading=\"lazy\" class=\"alignnone size-medium wp-image-15950\" src=\"https:\/\/sindsaudeba.org.br\/portal\/wp-content\/uploads\/2021\/03\/152709549_3886078154764361_7440470941655857018_o-300x79.png\" alt=\"\" width=\"300\" height=\"79\" srcset=\"https:\/\/sindsaudeba.org.br\/portal\/wp-content\/uploads\/2021\/03\/152709549_3886078154764361_7440470941655857018_o-300x79.png 300w, https:\/\/sindsaudeba.org.br\/portal\/wp-content\/uploads\/2021\/03\/152709549_3886078154764361_7440470941655857018_o-1024x269.png 1024w, https:\/\/sindsaudeba.org.br\/portal\/wp-content\/uploads\/2021\/03\/152709549_3886078154764361_7440470941655857018_o-768x202.png 768w, https:\/\/sindsaudeba.org.br\/portal\/wp-content\/uploads\/2021\/03\/152709549_3886078154764361_7440470941655857018_o-700x184.png 700w, https:\/\/sindsaudeba.org.br\/portal\/wp-content\/uploads\/2021\/03\/152709549_3886078154764361_7440470941655857018_o.png 1467w\" sizes=\"(max-width: 300px) 100vw, 300px\" \/><\/p>\n<p>Ap\u00f3s uma primeira audi\u00eancia, realizada no dia 11 de fevereiro, com o secret\u00e1rio da Sa\u00fade de Salvador, L\u00e9o Prates, o Comit\u00ea Baiano Vacina no SUS J\u00c1! se reuniu novamente com o gestor, na \u00faltima ter\u00e7a-feira (02\/03), para tratar do planejamento de vacina\u00e7\u00e3o municipal. A atividade contou com a participa\u00e7\u00e3o do presidente do Conselho Estadual de Sa\u00fade da Bahia, Ricardo Mendon\u00e7a, e representantes da sociedade civil, entidades de sa\u00fade, universit\u00e1rias, frentes sindicais e religiosas. As a\u00e7\u00f5es foram motivadas pelo agravamento dos n\u00fameros de contamina\u00e7\u00e3o e mortes no Brasil e na Bahia.<\/p>\n<p>No encontro, foram discutidas novas alternativas para o enfrentamento da Covid-19 na capital, j\u00e1 que, segundo Prates, h\u00e1 uma certa resist\u00eancia da popula\u00e7\u00e3o \u00e0 testagem. \u201cMuitas pessoas das comunidades n\u00e3o querem saber se est\u00e3o com a Covid porque precisam trabalhar. \u00c9 uma dificuldade social que a gente encontra\u201d, afirmou o secret\u00e1rio. Atualmente, Salvador conta com 53 unidades b\u00e1sicas de sa\u00fade que realizam a testagem para diagn\u00f3stico da Covid-19, que \u00e9 recomendada pelos especialistas ap\u00f3s o surgimento dos primeiros sintomas.<\/p>\n<p>L\u00e9o Prates tamb\u00e9m apresentou um panorama sobre a vacina\u00e7\u00e3o e abertura de novos leitos na capital. De acordo com ele, as negocia\u00e7\u00f5es para obter os imunizantes avan\u00e7am por quatro frentes: a primeira, em conjunto com o Governo do Estado; a segunda, com a Frente Nacional de Prefeitos; a terceira, com a farmac\u00eautica AstraZeneca, da \u00cdndia; e a quarta, com a farmac\u00eautica americana Pfizer. Em rela\u00e7\u00e3o aos leitos de Unidade de Terapia Intensiva (UTI), o secret\u00e1rio confirmou a cria\u00e7\u00e3o de mais 20 no Hospital Salvador, 10 na Unidade de Pronto Atendimento (UPA) dos Barris e outros 10 no hospital de campanha do Centro de Inicia\u00e7\u00e3o Esportiva (CIE) de Itapu\u00e3.<\/p>\n<p>O Comit\u00ea Baiano Vacina no SUS J\u00c1!, que \u00e9 um coletivo de entidades reunidas com o objetivo de ampliar o debate sobre a pandemia e monitorar as a\u00e7\u00f5es dos poderes p\u00fablicos na defini\u00e7\u00e3o de medidas para a imuniza\u00e7\u00e3o da popula\u00e7\u00e3o, pretende formular propostas para contribuir com o avan\u00e7o do enfrentamento da atual situa\u00e7\u00e3o epidemiol\u00f3gica do estado e do munic\u00edpio.<\/p>\n","protected":false},"excerpt":{"rendered":"<p>Ap\u00f3s uma primeira audi\u00eancia, realizada no dia 11 de fevereiro, com o secret\u00e1rio da Sa\u00fade de Salvador, L\u00e9o Prates, o Comit\u00ea Baiano Vacina no SUS J\u00c1! se reuniu novamente com o gestor, na \u00faltima ter\u00e7a-feira (02\/03), para tratar do planejamento de vacina\u00e7\u00e3o municipal. A atividade&#8230;<\/p>\n","protected":false},"author":2,"featured_media":15950,"comment_status":"open","ping_status":"open","sticky":false,"template":"","format":"standard","meta":[],"categories":[11,6,7],"tags":[],"amp_validity":null,"amp_enabled":true,"_links":{"self":[{"href":"https:\/\/sindsaudeba.org.br\/portal\/wp-json\/wp\/v2\/posts\/15949"}],"collection":[{"href":"https:\/\/sindsaudeba.org.br\/portal\/wp-json\/wp\/v2\/posts"}],"about":[{"href":"https:\/\/sindsaudeba.org.br\/portal\/wp-json\/wp\/v2\/types\/post"}],"author":[{"embeddable":true,"href":"https:\/\/sindsaudeba.org.br\/portal\/wp-json\/wp\/v2\/users\/2"}],"replies":[{"embeddable":true,"href":"https:\/\/sindsaudeba.org.br\/portal\/wp-json\/wp\/v2\/comments?post=15949"}],"version-history":[{"count":1,"href":"https:\/\/sindsaudeba.org.br\/portal\/wp-json\/wp\/v2\/posts\/15949\/revisions"}],"predecessor-version":[{"id":15951,"href":"https:\/\/sindsaudeba.org.br\/portal\/wp-json\/wp\/v2\/posts\/15949\/revisions\/15951"}],"wp:featuredmedia":[{"embeddable":true,"href":"https:\/\/sindsaudeba.org.br\/portal\/wp-json\/wp\/v2\/media\/15950"}],"wp:attachment":[{"href":"https:\/\/sindsaudeba.org.br\/portal\/wp-json\/wp\/v2\/media?parent=15949"}],"wp:term":[{"taxonomy":"category","embeddable":true,"href":"https:\/\/sindsaudeba.org.br\/portal\/wp-json\/wp\/v2\/categories?post=15949"},{"taxonomy":"post_tag","embeddable":true,"href":"https:\/\/sindsaudeba.org.br\/portal\/wp-json\/wp\/v2\/tags?post=15949"}],"curies":[{"name":"wp","href":"https:\/\/api.w.org\/{rel}","templated":true}]}}