{"id":15946,"date":"2021-03-02T14:38:04","date_gmt":"2021-03-02T17:38:04","guid":{"rendered":"https:\/\/sindsaudeba.org.br\/portal\/?p=15946"},"modified":"2021-03-02T15:52:40","modified_gmt":"2021-03-02T18:52:40","slug":"convite-audiencia-publica","status":"publish","type":"post","link":"https:\/\/sindsaudeba.org.br\/portal\/blog\/convite-audiencia-publica\/","title":{"rendered":"Convite: Audi\u00eancia P\u00fablica"},"content":{"rendered":"<p>Convite: Audi\u00eancia P\u00fablica<\/p>\n<p><img loading=\"lazy\" class=\"alignnone size-medium wp-image-15947\" src=\"https:\/\/sindsaudeba.org.br\/portal\/wp-content\/uploads\/2021\/03\/WhatsApp-Image-2021-03-02-at-10.52.03-300x300.jpeg\" alt=\"\" width=\"300\" height=\"300\" srcset=\"https:\/\/sindsaudeba.org.br\/portal\/wp-content\/uploads\/2021\/03\/WhatsApp-Image-2021-03-02-at-10.52.03-300x300.jpeg 300w, https:\/\/sindsaudeba.org.br\/portal\/wp-content\/uploads\/2021\/03\/WhatsApp-Image-2021-03-02-at-10.52.03-1024x1024.jpeg 1024w, https:\/\/sindsaudeba.org.br\/portal\/wp-content\/uploads\/2021\/03\/WhatsApp-Image-2021-03-02-at-10.52.03-150x150.jpeg 150w, https:\/\/sindsaudeba.org.br\/portal\/wp-content\/uploads\/2021\/03\/WhatsApp-Image-2021-03-02-at-10.52.03-768x768.jpeg 768w, https:\/\/sindsaudeba.org.br\/portal\/wp-content\/uploads\/2021\/03\/WhatsApp-Image-2021-03-02-at-10.52.03-570x570.jpeg 570w, https:\/\/sindsaudeba.org.br\/portal\/wp-content\/uploads\/2021\/03\/WhatsApp-Image-2021-03-02-at-10.52.03-500x500.jpeg 500w, https:\/\/sindsaudeba.org.br\/portal\/wp-content\/uploads\/2021\/03\/WhatsApp-Image-2021-03-02-at-10.52.03-1000x1000.jpeg 1000w, https:\/\/sindsaudeba.org.br\/portal\/wp-content\/uploads\/2021\/03\/WhatsApp-Image-2021-03-02-at-10.52.03-700x700.jpeg 700w, https:\/\/sindsaudeba.org.br\/portal\/wp-content\/uploads\/2021\/03\/WhatsApp-Image-2021-03-02-at-10.52.03.jpeg 1080w\" sizes=\"(max-width: 300px) 100vw, 300px\" \/>Estamos vivendo um momento de grande apreens\u00e3o, devido ao avan\u00e7o da COVID 19, em nosso estado, levando a um iminente colapso no sistema de sa\u00fade.\u00a0 Diante dessa situa\u00e7\u00e3o, n\u00f3s temos que reagir, buscando contribuir para o controle da pandemia.<\/p>\n<p>Assim, o Comit\u00ea Baiano Vacina no SUSJ\u00e1, com apoio do SindSa\u00fadeBahia, conclama a todos para a audi\u00eancia p\u00fablica com o Secret\u00e1rio da Sa\u00fade da capital, L\u00e9o Prates e o presidente do Conselho Estadual de Sa\u00fade, Ricardo Mendon\u00e7a, para debatermos as medidas oficiais adotadas at\u00e9 agora e, cobrarmos e sugerirmos, a\u00e7\u00f5es que contribuam para\u00a0 vencermos o mais r\u00e1pido pass\u00edvel essa Pandemia.<\/p>\n<p>Participe, divulgue!<\/p>\n","protected":false},"excerpt":{"rendered":"<p>Convite: Audi\u00eancia P\u00fablica Estamos vivendo um momento de grande apreens\u00e3o, devido ao avan\u00e7o da COVID 19, em nosso estado, levando a um iminente colapso no sistema de sa\u00fade.\u00a0 Diante dessa situa\u00e7\u00e3o, n\u00f3s temos que reagir, buscando contribuir para o controle da pandemia. Assim, o Comit\u00ea&#8230;<\/p>\n","protected":false},"author":2,"featured_media":15947,"comment_status":"open","ping_status":"open","sticky":false,"template":"","format":"standard","meta":[],"categories":[11,6,7],"tags":[],"amp_validity":null,"amp_enabled":true,"_links":{"self":[{"href":"https:\/\/sindsaudeba.org.br\/portal\/wp-json\/wp\/v2\/posts\/15946"}],"collection":[{"href":"https:\/\/sindsaudeba.org.br\/portal\/wp-json\/wp\/v2\/posts"}],"about":[{"href":"https:\/\/sindsaudeba.org.br\/portal\/wp-json\/wp\/v2\/types\/post"}],"author":[{"embeddable":true,"href":"https:\/\/sindsaudeba.org.br\/portal\/wp-json\/wp\/v2\/users\/2"}],"replies":[{"embeddable":true,"href":"https:\/\/sindsaudeba.org.br\/portal\/wp-json\/wp\/v2\/comments?post=15946"}],"version-history":[{"count":1,"href":"https:\/\/sindsaudeba.org.br\/portal\/wp-json\/wp\/v2\/posts\/15946\/revisions"}],"predecessor-version":[{"id":15948,"href":"https:\/\/sindsaudeba.org.br\/portal\/wp-json\/wp\/v2\/posts\/15946\/revisions\/15948"}],"wp:featuredmedia":[{"embeddable":true,"href":"https:\/\/sindsaudeba.org.br\/portal\/wp-json\/wp\/v2\/media\/15947"}],"wp:attachment":[{"href":"https:\/\/sindsaudeba.org.br\/portal\/wp-json\/wp\/v2\/media?parent=15946"}],"wp:term":[{"taxonomy":"category","embeddable":true,"href":"https:\/\/sindsaudeba.org.br\/portal\/wp-json\/wp\/v2\/categories?post=15946"},{"taxonomy":"post_tag","embeddable":true,"href":"https:\/\/sindsaudeba.org.br\/portal\/wp-json\/wp\/v2\/tags?post=15946"}],"curies":[{"name":"wp","href":"https:\/\/api.w.org\/{rel}","templated":true}]}}