{"id":15917,"date":"2021-02-22T14:22:08","date_gmt":"2021-02-22T17:22:08","guid":{"rendered":"https:\/\/sindsaudeba.org.br\/portal\/?p=15917"},"modified":"2021-02-22T14:28:28","modified_gmt":"2021-02-22T17:28:28","slug":"vacinacao-em-tempos-de-pandemia-desafios-da-politica-de-imunizacao","status":"publish","type":"post","link":"https:\/\/sindsaudeba.org.br\/portal\/blog\/vacinacao-em-tempos-de-pandemia-desafios-da-politica-de-imunizacao\/","title":{"rendered":"&#8220;Vacina\u00e7\u00e3o em tempos de pandemia: desafios da pol\u00edtica de imuniza\u00e7\u00e3o&#8221;."},"content":{"rendered":"<p>&nbsp;<\/p>\n<p><img loading=\"lazy\" class=\"size-medium wp-image-15918 alignleft\" src=\"https:\/\/sindsaudeba.org.br\/portal\/wp-content\/uploads\/2021\/02\/WhatsApp-Image-2021-02-22-at-09.56.35-300x300.jpeg\" alt=\"\" width=\"300\" height=\"300\" srcset=\"https:\/\/sindsaudeba.org.br\/portal\/wp-content\/uploads\/2021\/02\/WhatsApp-Image-2021-02-22-at-09.56.35-300x300.jpeg 300w, https:\/\/sindsaudeba.org.br\/portal\/wp-content\/uploads\/2021\/02\/WhatsApp-Image-2021-02-22-at-09.56.35-1024x1024.jpeg 1024w, https:\/\/sindsaudeba.org.br\/portal\/wp-content\/uploads\/2021\/02\/WhatsApp-Image-2021-02-22-at-09.56.35-150x150.jpeg 150w, https:\/\/sindsaudeba.org.br\/portal\/wp-content\/uploads\/2021\/02\/WhatsApp-Image-2021-02-22-at-09.56.35-768x768.jpeg 768w, https:\/\/sindsaudeba.org.br\/portal\/wp-content\/uploads\/2021\/02\/WhatsApp-Image-2021-02-22-at-09.56.35-570x570.jpeg 570w, https:\/\/sindsaudeba.org.br\/portal\/wp-content\/uploads\/2021\/02\/WhatsApp-Image-2021-02-22-at-09.56.35-500x500.jpeg 500w, https:\/\/sindsaudeba.org.br\/portal\/wp-content\/uploads\/2021\/02\/WhatsApp-Image-2021-02-22-at-09.56.35-1000x1000.jpeg 1000w, https:\/\/sindsaudeba.org.br\/portal\/wp-content\/uploads\/2021\/02\/WhatsApp-Image-2021-02-22-at-09.56.35-700x700.jpeg 700w, https:\/\/sindsaudeba.org.br\/portal\/wp-content\/uploads\/2021\/02\/WhatsApp-Image-2021-02-22-at-09.56.35.jpeg 1080w\" sizes=\"(max-width: 300px) 100vw, 300px\" \/>O F\u00f3rum dos T\u00e9cnicos promover\u00e1 nesta quinta-feira (25\/02), \u00e0s 16h, live com o tema &#8220;Vacina\u00e7\u00e3o em tempos de pandemia: desafios da pol\u00edtica de imuniza\u00e7\u00e3o&#8221;. O debate contar\u00e1 com a participa\u00e7\u00e3o de Aladilce Souza, representante do Comit\u00ea Baiano Vacina pelo SUS J\u00e1!, Ivanilda Brito, presidente do SindSa\u00fade-BA e Lacita Menezes, enfermeira, profa. assistente DCS e doutoranda em Sa\u00fade Coletiva pela UFBA. O evento ser\u00e1 transmitido no canal no YouTube do F\u00f3rum dos T\u00e9cnicos da Bahia.<br \/>\nParticipem! <a href=\"https:\/\/www.instagram.com\/explore\/tags\/vacina%C3%A7%C3%A3oj%C3%A1\/\">#Vacina\u00e7\u00e3oJ\u00e1<\/a><\/p>\n","protected":false},"excerpt":{"rendered":"<p>&nbsp; O F\u00f3rum dos T\u00e9cnicos promover\u00e1 nesta quinta-feira (25\/02), \u00e0s 16h, live com o tema &#8220;Vacina\u00e7\u00e3o em tempos de pandemia: desafios da pol\u00edtica de imuniza\u00e7\u00e3o&#8221;. O debate contar\u00e1 com a participa\u00e7\u00e3o de Aladilce Souza, representante do Comit\u00ea Baiano Vacina pelo SUS J\u00e1!, Ivanilda Brito, presidente&#8230;<\/p>\n","protected":false},"author":2,"featured_media":15918,"comment_status":"open","ping_status":"open","sticky":false,"template":"","format":"standard","meta":[],"categories":[11,6,7],"tags":[],"amp_validity":null,"amp_enabled":true,"_links":{"self":[{"href":"https:\/\/sindsaudeba.org.br\/portal\/wp-json\/wp\/v2\/posts\/15917"}],"collection":[{"href":"https:\/\/sindsaudeba.org.br\/portal\/wp-json\/wp\/v2\/posts"}],"about":[{"href":"https:\/\/sindsaudeba.org.br\/portal\/wp-json\/wp\/v2\/types\/post"}],"author":[{"embeddable":true,"href":"https:\/\/sindsaudeba.org.br\/portal\/wp-json\/wp\/v2\/users\/2"}],"replies":[{"embeddable":true,"href":"https:\/\/sindsaudeba.org.br\/portal\/wp-json\/wp\/v2\/comments?post=15917"}],"version-history":[{"count":1,"href":"https:\/\/sindsaudeba.org.br\/portal\/wp-json\/wp\/v2\/posts\/15917\/revisions"}],"predecessor-version":[{"id":15919,"href":"https:\/\/sindsaudeba.org.br\/portal\/wp-json\/wp\/v2\/posts\/15917\/revisions\/15919"}],"wp:featuredmedia":[{"embeddable":true,"href":"https:\/\/sindsaudeba.org.br\/portal\/wp-json\/wp\/v2\/media\/15918"}],"wp:attachment":[{"href":"https:\/\/sindsaudeba.org.br\/portal\/wp-json\/wp\/v2\/media?parent=15917"}],"wp:term":[{"taxonomy":"category","embeddable":true,"href":"https:\/\/sindsaudeba.org.br\/portal\/wp-json\/wp\/v2\/categories?post=15917"},{"taxonomy":"post_tag","embeddable":true,"href":"https:\/\/sindsaudeba.org.br\/portal\/wp-json\/wp\/v2\/tags?post=15917"}],"curies":[{"name":"wp","href":"https:\/\/api.w.org\/{rel}","templated":true}]}}