{"id":15898,"date":"2021-02-05T10:23:29","date_gmt":"2021-02-05T13:23:29","guid":{"rendered":"https:\/\/sindsaudeba.org.br\/portal\/?p=15898"},"modified":"2021-02-05T12:23:25","modified_gmt":"2021-02-05T15:23:25","slug":"mudanca-do-garcia-online-conect-nesta-folia","status":"publish","type":"post","link":"https:\/\/sindsaudeba.org.br\/portal\/blog\/mudanca-do-garcia-online-conect-nesta-folia\/","title":{"rendered":"Mudan\u00e7a do Garcia Online: conect nesta folia."},"content":{"rendered":"<p>Mudan\u00e7a do Garcia Online: SindSa\u00fadeBa vai levar protestos irreverentes para o mundo virtual.<\/p>\n<p><img loading=\"lazy\" class=\"size-medium wp-image-15899 alignleft\" src=\"https:\/\/sindsaudeba.org.br\/portal\/wp-content\/uploads\/2021\/02\/WhatsApp-Image-2021-02-04-at-16.11.39-256x300.jpeg\" alt=\"\" width=\"256\" height=\"300\" srcset=\"https:\/\/sindsaudeba.org.br\/portal\/wp-content\/uploads\/2021\/02\/WhatsApp-Image-2021-02-04-at-16.11.39-256x300.jpeg 256w, https:\/\/sindsaudeba.org.br\/portal\/wp-content\/uploads\/2021\/02\/WhatsApp-Image-2021-02-04-at-16.11.39-874x1024.jpeg 874w, https:\/\/sindsaudeba.org.br\/portal\/wp-content\/uploads\/2021\/02\/WhatsApp-Image-2021-02-04-at-16.11.39-768x899.jpeg 768w, https:\/\/sindsaudeba.org.br\/portal\/wp-content\/uploads\/2021\/02\/WhatsApp-Image-2021-02-04-at-16.11.39-700x820.jpeg 700w, https:\/\/sindsaudeba.org.br\/portal\/wp-content\/uploads\/2021\/02\/WhatsApp-Image-2021-02-04-at-16.11.39.jpeg 1093w\" sizes=\"(max-width: 256px) 100vw, 256px\" \/><\/p>\n<p>O Mudan\u00e7a do Garcia \u00e9 um dos blocos de Carnaval, mais antigos de Salvador. Nele, cabe todo tipo de protesto, desde 1926. No cortejo entre o Garcia e o Campo Grande, a folia \u00e9 repleta de reivindica\u00e7\u00f5es.<\/p>\n<p>Com a pandemia, o carnaval de 2021 foi suspenso, mas ledo engano de quem pensou o Mudan\u00e7a do Garcia n\u00e3o iria acontecer. N\u00e3o para o SindSa\u00fadeBa, que j\u00e1 preparar a sua vers\u00e3o online.<\/p>\n<p>A iniciativa \u00e9 da presidente da entidade, que sempre participou das manifesta\u00e7\u00f5es populares dentro do bloco. Este ano, Ivanilda Brito vai levar a folia, a irrever\u00eancia e os manifestos para o mundo virtual.<\/p>\n<p>Com a participa\u00e7\u00e3o de diversos representantes de entidades sindicais baianas e de n\u00edvel nacional, e sem esquecer os ritmos das marchinhas, o Mudan\u00e7a do Garcia Online, quer manter viva o palco dos protestos.<\/p>\n<p>\u201cN\u00e3o vai ter o calor humano, mas nossa pauta de reivindica\u00e7\u00f5es, que \u00e9 sempre feita com muita alegria, nesta \u00e9poca do ano, n\u00e3o vai faltar. Devido o momento, vamos fazer nosso carnaval de protestos on line, mas n\u00e3o vamos deixar a data passar em branco. H\u00e1 limita\u00e7\u00f5es, mas nem por isto vamos ficar calados. Temos que estar sempre na busca dos direitos do trabalhador da sa\u00fade. E n\u00f3s, do SindSa\u00fadeBa, queremos a participa\u00e7\u00e3o de todos neste. Momento, que vai muito especial\u201d, explicou Ivanilda.<\/p>\n<p>A Live do Mudan\u00e7a do Garcia Online est\u00e1 marcada para acontecer no dia 15 de fevereiro, ao meio dia, e vai poder ser vista via Facebook e Youtube do SindSa\u00fadeBA.<\/p>\n","protected":false},"excerpt":{"rendered":"<p>Mudan\u00e7a do Garcia Online: SindSa\u00fadeBa vai levar protestos irreverentes para o mundo virtual. O Mudan\u00e7a do Garcia \u00e9 um dos blocos de Carnaval, mais antigos de Salvador. Nele, cabe todo tipo de protesto, desde 1926. No cortejo entre o Garcia e o Campo Grande, a&#8230;<\/p>\n","protected":false},"author":2,"featured_media":15899,"comment_status":"open","ping_status":"open","sticky":false,"template":"","format":"standard","meta":[],"categories":[11,6,7],"tags":[],"amp_validity":null,"amp_enabled":true,"_links":{"self":[{"href":"https:\/\/sindsaudeba.org.br\/portal\/wp-json\/wp\/v2\/posts\/15898"}],"collection":[{"href":"https:\/\/sindsaudeba.org.br\/portal\/wp-json\/wp\/v2\/posts"}],"about":[{"href":"https:\/\/sindsaudeba.org.br\/portal\/wp-json\/wp\/v2\/types\/post"}],"author":[{"embeddable":true,"href":"https:\/\/sindsaudeba.org.br\/portal\/wp-json\/wp\/v2\/users\/2"}],"replies":[{"embeddable":true,"href":"https:\/\/sindsaudeba.org.br\/portal\/wp-json\/wp\/v2\/comments?post=15898"}],"version-history":[{"count":1,"href":"https:\/\/sindsaudeba.org.br\/portal\/wp-json\/wp\/v2\/posts\/15898\/revisions"}],"predecessor-version":[{"id":15900,"href":"https:\/\/sindsaudeba.org.br\/portal\/wp-json\/wp\/v2\/posts\/15898\/revisions\/15900"}],"wp:featuredmedia":[{"embeddable":true,"href":"https:\/\/sindsaudeba.org.br\/portal\/wp-json\/wp\/v2\/media\/15899"}],"wp:attachment":[{"href":"https:\/\/sindsaudeba.org.br\/portal\/wp-json\/wp\/v2\/media?parent=15898"}],"wp:term":[{"taxonomy":"category","embeddable":true,"href":"https:\/\/sindsaudeba.org.br\/portal\/wp-json\/wp\/v2\/categories?post=15898"},{"taxonomy":"post_tag","embeddable":true,"href":"https:\/\/sindsaudeba.org.br\/portal\/wp-json\/wp\/v2\/tags?post=15898"}],"curies":[{"name":"wp","href":"https:\/\/api.w.org\/{rel}","templated":true}]}}