{"id":15894,"date":"2021-01-29T13:58:24","date_gmt":"2021-01-29T16:58:24","guid":{"rendered":"https:\/\/sindsaudeba.org.br\/portal\/?p=15894"},"modified":"2021-01-29T14:54:20","modified_gmt":"2021-01-29T17:54:20","slug":"sindsaudeba-se-reune-com-diretores-do-crecesta","status":"publish","type":"post","link":"https:\/\/sindsaudeba.org.br\/portal\/blog\/sindsaudeba-se-reune-com-diretores-do-crecesta\/","title":{"rendered":"SINDSA\u00daDEBA SE REUNE COM DIRETORES DO CRECESTA"},"content":{"rendered":"<p>A presidente do SindSa\u00fadeBa, Ivanilda Brito, recebeu, na manh\u00e3 desta sexta-feira (29), na sede do sindicato, dois diretores do Banco M\u00e1xima, respons\u00e1vel pelo Credcesta, para uma reuni\u00e3o. O encontro solicitado para tirar d\u00favidas sobre os empr\u00e9stimos feitos aos servidores atrav\u00e9s do cart\u00e3o de cr\u00e9dito consignado.<\/p>\n<p><img loading=\"lazy\" class=\"size-medium wp-image-15895 alignleft\" src=\"https:\/\/sindsaudeba.org.br\/portal\/wp-content\/uploads\/2021\/01\/a5351ea1-066c-4625-ac7e-d267a6b82cd5-300x225.jpg\" alt=\"\" width=\"300\" height=\"225\" srcset=\"https:\/\/sindsaudeba.org.br\/portal\/wp-content\/uploads\/2021\/01\/a5351ea1-066c-4625-ac7e-d267a6b82cd5-300x225.jpg 300w, https:\/\/sindsaudeba.org.br\/portal\/wp-content\/uploads\/2021\/01\/a5351ea1-066c-4625-ac7e-d267a6b82cd5-1024x768.jpg 1024w, https:\/\/sindsaudeba.org.br\/portal\/wp-content\/uploads\/2021\/01\/a5351ea1-066c-4625-ac7e-d267a6b82cd5-768x576.jpg 768w, https:\/\/sindsaudeba.org.br\/portal\/wp-content\/uploads\/2021\/01\/a5351ea1-066c-4625-ac7e-d267a6b82cd5-800x600.jpg 800w, https:\/\/sindsaudeba.org.br\/portal\/wp-content\/uploads\/2021\/01\/a5351ea1-066c-4625-ac7e-d267a6b82cd5-700x525.jpg 700w, https:\/\/sindsaudeba.org.br\/portal\/wp-content\/uploads\/2021\/01\/a5351ea1-066c-4625-ac7e-d267a6b82cd5.jpg 1040w\" sizes=\"(max-width: 300px) 100vw, 300px\" \/>Nos \u00faltimos meses, o sindicato tem recebido diversas reclama\u00e7\u00f5es de servidores, quanto a falta de atendimento e cobran\u00e7as, consideradas indevidas feitas pela institui\u00e7\u00e3o financeira. A presidente Ivanilda Brito apresentou os dados aos diretores, que tamb\u00e9m foram informados de que o departamento Jur\u00eddico do SindSa\u00fadeBa, est\u00e1 entrando na justi\u00e7a com uma a\u00e7\u00e3o contra o Credcesta, em nome dos servidores em busca de uma solu\u00e7\u00e3o.<\/p>\n<p>A presidente, Ivanilda Brito, solicitou uma reavalia\u00e7\u00e3o de todos os casos, para que os descontos em folha sejam revistos., afim de melhorar a situa\u00e7\u00e3o dos servidores que adquiriam empr\u00e9stimos junto ao Credcesta. Os diretores assumiram o compromisso de avaliar caso a caso dos servidores e buscar meios de informar melhor os servidores sobre os contratos adquiridos.<\/p>\n<p><img loading=\"lazy\" class=\"size-medium wp-image-15896 alignleft\" src=\"https:\/\/sindsaudeba.org.br\/portal\/wp-content\/uploads\/2021\/01\/0423623a-3922-4cfc-bdfb-38cf15a5c558-300x225.jpg\" alt=\"\" width=\"300\" height=\"225\" srcset=\"https:\/\/sindsaudeba.org.br\/portal\/wp-content\/uploads\/2021\/01\/0423623a-3922-4cfc-bdfb-38cf15a5c558-300x225.jpg 300w, https:\/\/sindsaudeba.org.br\/portal\/wp-content\/uploads\/2021\/01\/0423623a-3922-4cfc-bdfb-38cf15a5c558-1024x768.jpg 1024w, https:\/\/sindsaudeba.org.br\/portal\/wp-content\/uploads\/2021\/01\/0423623a-3922-4cfc-bdfb-38cf15a5c558-768x576.jpg 768w, https:\/\/sindsaudeba.org.br\/portal\/wp-content\/uploads\/2021\/01\/0423623a-3922-4cfc-bdfb-38cf15a5c558-800x600.jpg 800w, https:\/\/sindsaudeba.org.br\/portal\/wp-content\/uploads\/2021\/01\/0423623a-3922-4cfc-bdfb-38cf15a5c558-700x525.jpg 700w, https:\/\/sindsaudeba.org.br\/portal\/wp-content\/uploads\/2021\/01\/0423623a-3922-4cfc-bdfb-38cf15a5c558.jpg 1040w\" sizes=\"(max-width: 300px) 100vw, 300px\" \/>Os trabalhadores da sa\u00fade est\u00e3o ser receber reajuste salarial h\u00e1 mais de seis anos, explicou Ivanilda Brito. Muitos est\u00e3o passando por dificuldades financeiras, diante de tantos descontos. Alguns t\u00eam recebido os contracheques zerados. O sindicato n\u00e3o vai medir esfor\u00e7os para que esta situa\u00e7\u00e3o seja resolvida e o servidor possa voltar a ter tranquilidade, conclui a presidente do SindSa\u00fadeBa.<\/p>\n","protected":false},"excerpt":{"rendered":"<p>A presidente do SindSa\u00fadeBa, Ivanilda Brito, recebeu, na manh\u00e3 desta sexta-feira (29), na sede do sindicato, dois diretores do Banco M\u00e1xima, respons\u00e1vel pelo Credcesta, para uma reuni\u00e3o. O encontro solicitado para tirar d\u00favidas sobre os empr\u00e9stimos feitos aos servidores atrav\u00e9s do cart\u00e3o de cr\u00e9dito consignado&#8230;.<\/p>\n","protected":false},"author":2,"featured_media":15895,"comment_status":"open","ping_status":"open","sticky":false,"template":"","format":"standard","meta":[],"categories":[11,6,7],"tags":[],"amp_validity":null,"amp_enabled":true,"_links":{"self":[{"href":"https:\/\/sindsaudeba.org.br\/portal\/wp-json\/wp\/v2\/posts\/15894"}],"collection":[{"href":"https:\/\/sindsaudeba.org.br\/portal\/wp-json\/wp\/v2\/posts"}],"about":[{"href":"https:\/\/sindsaudeba.org.br\/portal\/wp-json\/wp\/v2\/types\/post"}],"author":[{"embeddable":true,"href":"https:\/\/sindsaudeba.org.br\/portal\/wp-json\/wp\/v2\/users\/2"}],"replies":[{"embeddable":true,"href":"https:\/\/sindsaudeba.org.br\/portal\/wp-json\/wp\/v2\/comments?post=15894"}],"version-history":[{"count":1,"href":"https:\/\/sindsaudeba.org.br\/portal\/wp-json\/wp\/v2\/posts\/15894\/revisions"}],"predecessor-version":[{"id":15897,"href":"https:\/\/sindsaudeba.org.br\/portal\/wp-json\/wp\/v2\/posts\/15894\/revisions\/15897"}],"wp:featuredmedia":[{"embeddable":true,"href":"https:\/\/sindsaudeba.org.br\/portal\/wp-json\/wp\/v2\/media\/15895"}],"wp:attachment":[{"href":"https:\/\/sindsaudeba.org.br\/portal\/wp-json\/wp\/v2\/media?parent=15894"}],"wp:term":[{"taxonomy":"category","embeddable":true,"href":"https:\/\/sindsaudeba.org.br\/portal\/wp-json\/wp\/v2\/categories?post=15894"},{"taxonomy":"post_tag","embeddable":true,"href":"https:\/\/sindsaudeba.org.br\/portal\/wp-json\/wp\/v2\/tags?post=15894"}],"curies":[{"name":"wp","href":"https:\/\/api.w.org\/{rel}","templated":true}]}}