{"id":15880,"date":"2021-01-28T13:18:09","date_gmt":"2021-01-28T16:18:09","guid":{"rendered":"https:\/\/sindsaudeba.org.br\/portal\/?p=15880"},"modified":"2021-01-28T13:18:09","modified_gmt":"2021-01-28T16:18:09","slug":"comite-vacina-no-sus-ja-realiza-debate-nesta-sexta-29","status":"publish","type":"post","link":"https:\/\/sindsaudeba.org.br\/portal\/blog\/comite-vacina-no-sus-ja-realiza-debate-nesta-sexta-29\/","title":{"rendered":"Comit\u00ea VACINA NO SUS J\u00c1 realiza debate nesta sexta (29)"},"content":{"rendered":"<p><img loading=\"lazy\" class=\"size-medium wp-image-15881 alignleft\" src=\"https:\/\/sindsaudeba.org.br\/portal\/wp-content\/uploads\/2021\/01\/WhatsApp-Image-2021-01-28-at-09.36.02-300x300.jpeg\" alt=\"\" width=\"300\" height=\"300\" srcset=\"https:\/\/sindsaudeba.org.br\/portal\/wp-content\/uploads\/2021\/01\/WhatsApp-Image-2021-01-28-at-09.36.02-300x300.jpeg 300w, https:\/\/sindsaudeba.org.br\/portal\/wp-content\/uploads\/2021\/01\/WhatsApp-Image-2021-01-28-at-09.36.02-1024x1024.jpeg 1024w, https:\/\/sindsaudeba.org.br\/portal\/wp-content\/uploads\/2021\/01\/WhatsApp-Image-2021-01-28-at-09.36.02-150x150.jpeg 150w, https:\/\/sindsaudeba.org.br\/portal\/wp-content\/uploads\/2021\/01\/WhatsApp-Image-2021-01-28-at-09.36.02-768x768.jpeg 768w, https:\/\/sindsaudeba.org.br\/portal\/wp-content\/uploads\/2021\/01\/WhatsApp-Image-2021-01-28-at-09.36.02-570x570.jpeg 570w, https:\/\/sindsaudeba.org.br\/portal\/wp-content\/uploads\/2021\/01\/WhatsApp-Image-2021-01-28-at-09.36.02-500x500.jpeg 500w, https:\/\/sindsaudeba.org.br\/portal\/wp-content\/uploads\/2021\/01\/WhatsApp-Image-2021-01-28-at-09.36.02-1000x1000.jpeg 1000w, https:\/\/sindsaudeba.org.br\/portal\/wp-content\/uploads\/2021\/01\/WhatsApp-Image-2021-01-28-at-09.36.02-700x700.jpeg 700w, https:\/\/sindsaudeba.org.br\/portal\/wp-content\/uploads\/2021\/01\/WhatsApp-Image-2021-01-28-at-09.36.02.jpeg 1280w\" sizes=\"(max-width: 300px) 100vw, 300px\" \/>Nesta sexta (29), 17h, o Movimento VACINA NO SUS J\u00c1 realiza o debate \u201cDesafios Para a Vacina\u00e7\u00e3o contra a Covid-19 no Brasil e na Bahia\u201d. A discuss\u00e3o vai reunir a Dra Carla Rodrigues (ex-coordenadora do Programa Nacional de Imuniza\u00e7\u00e3o) e o sanitarista Ramon Saavedra (Coordena\u00e7\u00e3o de Imuniza\u00e7\u00e3o da Secretaria Estadual de Sa\u00fade). A media\u00e7\u00e3o caber\u00e1 \u00e0 Dra Gis\u00e9lia Santana (do Grupo Tem\u00e1tico da Vigil\u00e2ncia Sanit\u00e1ria da Abrasco).<br \/>\nO evento faz parte das atividades programadas pelo Comit\u00ea para incluir a popula\u00e7\u00e3o baiana no movimento que objetiva pressionar o governo federal a acelerar o processo de imuniza\u00e7\u00e3o da popula\u00e7\u00e3o brasileira. Como sabemos, desde o in\u00edcio da pandeia, o presidente Bolsonaro tem tido um comportamento irrespons\u00e1vel, anticient\u00edfico e omisso para com o combate \u00e0 Covid-19, tornando o povo vulner\u00e1vel ao adoecimento e \u00e0 morte, como estamos vendo agora com a falta de a\u00e7\u00e3o para minorar os problemas vividos pelos amazonenses.<br \/>\nEm rela\u00e7\u00e3o \u00e0 vacina, o governo federal n\u00e3o se articulou para compr\u00e1-las com anteced\u00eancia e usa o Minist\u00e9rio da Sa\u00fade para dificultar que os estados adquiram imunizantes que j\u00e1 v\u00eam sendo utilizadas em outros pa\u00edses. Com isso, continuamos tendo uma m\u00e9dia di\u00e1ria de mais de mil mortos no Brasil, ultrapassado a marca de mais de 220 mil vidas perdidas desde o in\u00edcio da pandemia.<br \/>\nO debate ser\u00e1 realizado na plataforma Zoom e transmitido pelo Facebook e Youtube. Para participar, use os links abaixo.<\/p>\n<p>Zoom<br \/>\nhttps:\/\/us02web.zoom.us\/j\/8367511633?pwd=OEl2ZWZwdDlacjIrNDdueWRzNGMrZz09<br \/>\nID da reuni\u00e3o: 836 751 1633<br \/>\nSenha de acesso: 991177666<\/p>\n<p>Youtube<br \/>\n<iframe title=\"TV Sindsefaz\" width=\"1060\" height=\"596\" src=\"https:\/\/www.youtube.com\/embed\/3Vn8hBDcTgs?feature=oembed\" frameborder=\"0\" allow=\"accelerometer; autoplay; clipboard-write; encrypted-media; gyroscope; picture-in-picture\" allowfullscreen><\/iframe><\/p>\n","protected":false},"excerpt":{"rendered":"<p>Nesta sexta (29), 17h, o Movimento VACINA NO SUS J\u00c1 realiza o debate \u201cDesafios Para a Vacina\u00e7\u00e3o contra a Covid-19 no Brasil e na Bahia\u201d. A discuss\u00e3o vai reunir a Dra Carla Rodrigues (ex-coordenadora do Programa Nacional de Imuniza\u00e7\u00e3o) e o sanitarista Ramon Saavedra (Coordena\u00e7\u00e3o&#8230;<\/p>\n","protected":false},"author":2,"featured_media":15881,"comment_status":"open","ping_status":"open","sticky":false,"template":"","format":"standard","meta":[],"categories":[11,6,7],"tags":[],"amp_validity":null,"amp_enabled":true,"_links":{"self":[{"href":"https:\/\/sindsaudeba.org.br\/portal\/wp-json\/wp\/v2\/posts\/15880"}],"collection":[{"href":"https:\/\/sindsaudeba.org.br\/portal\/wp-json\/wp\/v2\/posts"}],"about":[{"href":"https:\/\/sindsaudeba.org.br\/portal\/wp-json\/wp\/v2\/types\/post"}],"author":[{"embeddable":true,"href":"https:\/\/sindsaudeba.org.br\/portal\/wp-json\/wp\/v2\/users\/2"}],"replies":[{"embeddable":true,"href":"https:\/\/sindsaudeba.org.br\/portal\/wp-json\/wp\/v2\/comments?post=15880"}],"version-history":[{"count":1,"href":"https:\/\/sindsaudeba.org.br\/portal\/wp-json\/wp\/v2\/posts\/15880\/revisions"}],"predecessor-version":[{"id":15882,"href":"https:\/\/sindsaudeba.org.br\/portal\/wp-json\/wp\/v2\/posts\/15880\/revisions\/15882"}],"wp:featuredmedia":[{"embeddable":true,"href":"https:\/\/sindsaudeba.org.br\/portal\/wp-json\/wp\/v2\/media\/15881"}],"wp:attachment":[{"href":"https:\/\/sindsaudeba.org.br\/portal\/wp-json\/wp\/v2\/media?parent=15880"}],"wp:term":[{"taxonomy":"category","embeddable":true,"href":"https:\/\/sindsaudeba.org.br\/portal\/wp-json\/wp\/v2\/categories?post=15880"},{"taxonomy":"post_tag","embeddable":true,"href":"https:\/\/sindsaudeba.org.br\/portal\/wp-json\/wp\/v2\/tags?post=15880"}],"curies":[{"name":"wp","href":"https:\/\/api.w.org\/{rel}","templated":true}]}}