{"id":15873,"date":"2021-01-26T11:21:57","date_gmt":"2021-01-26T14:21:57","guid":{"rendered":"https:\/\/sindsaudeba.org.br\/portal\/?p=15873"},"modified":"2021-01-26T14:43:07","modified_gmt":"2021-01-26T17:43:07","slug":"vacinacao-covid-19-foi-pauta-da-42a-reuniao-do-conselho-estadual-de-saude-na-bahia","status":"publish","type":"post","link":"https:\/\/sindsaudeba.org.br\/portal\/blog\/vacinacao-covid-19-foi-pauta-da-42a-reuniao-do-conselho-estadual-de-saude-na-bahia\/","title":{"rendered":"VACINA\u00c7\u00c3O COVID-19 FOI PAUTA DA 42\u00aa REUNI\u00c3O DO CONSELHO ESTADUAL DE SA\u00daDE NA BAHIA"},"content":{"rendered":"<p><img loading=\"lazy\" class=\"size-medium wp-image-15874 alignleft\" src=\"https:\/\/sindsaudeba.org.br\/portal\/wp-content\/uploads\/2021\/01\/WhatsApp-Image-2021-01-25-at-14.59.10-300x201.jpeg\" alt=\"\" width=\"300\" height=\"201\" srcset=\"https:\/\/sindsaudeba.org.br\/portal\/wp-content\/uploads\/2021\/01\/WhatsApp-Image-2021-01-25-at-14.59.10-300x201.jpeg 300w, https:\/\/sindsaudeba.org.br\/portal\/wp-content\/uploads\/2021\/01\/WhatsApp-Image-2021-01-25-at-14.59.10-768x516.jpeg 768w, https:\/\/sindsaudeba.org.br\/portal\/wp-content\/uploads\/2021\/01\/WhatsApp-Image-2021-01-25-at-14.59.10-700x470.jpeg 700w, https:\/\/sindsaudeba.org.br\/portal\/wp-content\/uploads\/2021\/01\/WhatsApp-Image-2021-01-25-at-14.59.10.jpeg 846w\" sizes=\"(max-width: 300px) 100vw, 300px\" \/>Na tarde destas segunda-feira (25), o Conselho Estadual de Sa\u00fade da BA(CES) realizou, em car\u00e1ter emergencial, a 42\u00aa reuni\u00e3o ordin\u00e1ria. O encontro foi virtual, seguindo as delibera\u00e7\u00f5es do decreto n\u00ba 19.258 de 16 de mar\u00e7o de 2020. Uma das pautas discutidas foi o a vacina\u00e7\u00e3o contra Covid-19 no estado.<\/p>\n<p>No primeiro momento, foi aberto espa\u00e7o para que os conselheiros tiveram a oportunidade a oportunidade de apresentar informes e despachos. Ivanilda Brito, presidente do SindSa\u00fadeBa Bahia e uma das conselheiras de sa\u00fade do estado, demonstrou a preocupa\u00e7\u00e3o com a vacina\u00e7\u00e3o de todos os profissionais de sa\u00fade, incluindo aqueles que n\u00e3o est\u00e3o na linha de frente no combate ao coronav\u00edrus. Solicitou que fosse apresentado o n\u00famero de trabalhadores que j\u00e1 foram vacinados e a previs\u00e3o de conclus\u00e3o desta primeira fase.<\/p>\n<p>\u201cEstamos recebendo muitas liga\u00e7\u00f5es, principalmente do interior do estado, daqueles profissionais que n\u00e3o na linha de frente de combate ao coronav\u00edrus, de quando eles v\u00e3o ser vacinados. E esta, que, tamb\u00e9m \u00e9 minha preocupa\u00e7\u00e3o, eu apresentei na reuni\u00e3o\u201d, informou Ivanilda Brito.<\/p>\n<p>No segundo momento, os conselheiros participaram de uma palestra sobre a vacina\u00e7\u00e3o contra a Covid-19. O Debate foi comandado pela Dr\u00aa V\u00e2nia Vanden Bloucke, da coordena\u00e7\u00e3o de Imuniza\u00e7\u00e3o e Vigil\u00e2ncia Epidemiol\u00f3gica das Doen\u00e7as Imunopreven\u00edveis, CIVEDI.<\/p>\n","protected":false},"excerpt":{"rendered":"<p>Na tarde destas segunda-feira (25), o Conselho Estadual de Sa\u00fade da BA(CES) realizou, em car\u00e1ter emergencial, a 42\u00aa reuni\u00e3o ordin\u00e1ria. O encontro foi virtual, seguindo as delibera\u00e7\u00f5es do decreto n\u00ba 19.258 de 16 de mar\u00e7o de 2020. Uma das pautas discutidas foi o a vacina\u00e7\u00e3o&#8230;<\/p>\n","protected":false},"author":2,"featured_media":15874,"comment_status":"open","ping_status":"open","sticky":false,"template":"","format":"standard","meta":[],"categories":[11,6,7],"tags":[],"amp_validity":null,"amp_enabled":true,"_links":{"self":[{"href":"https:\/\/sindsaudeba.org.br\/portal\/wp-json\/wp\/v2\/posts\/15873"}],"collection":[{"href":"https:\/\/sindsaudeba.org.br\/portal\/wp-json\/wp\/v2\/posts"}],"about":[{"href":"https:\/\/sindsaudeba.org.br\/portal\/wp-json\/wp\/v2\/types\/post"}],"author":[{"embeddable":true,"href":"https:\/\/sindsaudeba.org.br\/portal\/wp-json\/wp\/v2\/users\/2"}],"replies":[{"embeddable":true,"href":"https:\/\/sindsaudeba.org.br\/portal\/wp-json\/wp\/v2\/comments?post=15873"}],"version-history":[{"count":1,"href":"https:\/\/sindsaudeba.org.br\/portal\/wp-json\/wp\/v2\/posts\/15873\/revisions"}],"predecessor-version":[{"id":15875,"href":"https:\/\/sindsaudeba.org.br\/portal\/wp-json\/wp\/v2\/posts\/15873\/revisions\/15875"}],"wp:featuredmedia":[{"embeddable":true,"href":"https:\/\/sindsaudeba.org.br\/portal\/wp-json\/wp\/v2\/media\/15874"}],"wp:attachment":[{"href":"https:\/\/sindsaudeba.org.br\/portal\/wp-json\/wp\/v2\/media?parent=15873"}],"wp:term":[{"taxonomy":"category","embeddable":true,"href":"https:\/\/sindsaudeba.org.br\/portal\/wp-json\/wp\/v2\/categories?post=15873"},{"taxonomy":"post_tag","embeddable":true,"href":"https:\/\/sindsaudeba.org.br\/portal\/wp-json\/wp\/v2\/tags?post=15873"}],"curies":[{"name":"wp","href":"https:\/\/api.w.org\/{rel}","templated":true}]}}