{"id":1384,"date":"2013-06-28T15:14:16","date_gmt":"2013-06-28T18:14:16","guid":{"rendered":"http:\/\/www.sindsaudeba.org.br\/novo\/?p=1384"},"modified":"2019-12-13T17:59:31","modified_gmt":"2019-12-13T20:59:31","slug":"o-sindsaude-ba-presente-no-2-de-julho-na-luta-pela-independencia-da-saude-publica-na-bahia","status":"publish","type":"post","link":"https:\/\/sindsaudeba.org.br\/portal\/blog\/o-sindsaude-ba-presente-no-2-de-julho-na-luta-pela-independencia-da-saude-publica-na-bahia\/","title":{"rendered":"O Sindsa\u00fade-Ba presente no 2 de Julho, na luta pela  independ\u00eancia da sa\u00fade p\u00fablica na Bahia!"},"content":{"rendered":"<p style=\"font-family: arial,sans-serif;font-size: 13px;text-align: justify;line-height: 19px\"><a href=\"http:\/\/www.sindsaudeba.org.br\/novo\/wp-content\/uploads\/2013\/06\/cabocla12.jpg\"><img loading=\"lazy\" class=\"alignleft size-full wp-image-1387\" title=\"cabocla1\" src=\"http:\/\/www.sindsaudeba.org.br\/novo\/wp-content\/uploads\/2013\/06\/cabocla12.jpg\" alt=\"\" width=\"900\" height=\"635\" \/><\/a>As comemora\u00e7\u00f5es pela Independ\u00eancia da Bahia, no 2 de Julho, tamb\u00e9m levar\u00e3o \u00e0s ruas de Salvador a voz do Sindsa\u00fade-Ba e dos servidores da Sesab, em protesto por uma sa\u00fade p\u00fablica de qualidade e independente. O sindicato e os trabalhadores de diversas unidades de sa\u00fade da capital e interior participar\u00e3o do desfile c\u00edvico, erguendo suas principais bandeiras de luta como a defesa do SUS, a valoriza\u00e7\u00e3o profissional, a realiza\u00e7\u00e3o de concurso p\u00fablico, o pagamento da URV, qualidade do atendimento \u00e0 popula\u00e7\u00e3o, al\u00e9m do rep\u00fadio \u00e0s privatiza\u00e7\u00f5es dos hospitais.<\/p>\n<p style=\"font-family: arial,sans-serif;font-size: 13px;text-align: justify;line-height: 19px\">A concentra\u00e7\u00e3o ser\u00e1 no Largo da Lapinha, ao lado da igreja, a partir das 7h. O Sindsa\u00fade-Ba, junto com os servidores, participar\u00e3o de todo o trajeto com camisas padronizadas, cartazes, faixas, bandeirolas, dentre outros materiais, para saudar o 2 de Julho, uma das datas mais importantes e simb\u00f3licas para a Bahia e para o Brasil, mas, principalmente, para cobrar do governo uma sa\u00fade p\u00fablica digna e independente para o povo baiano. Servidores e usu\u00e1rios do SUS, participem dessa luta que \u00e9 de todos n\u00f3s. Sa\u00fade p\u00fablica de qualidade \u00e9 sa\u00fade p\u00fablica independente!<\/p>\n","protected":false},"excerpt":{"rendered":"<p>As comemora\u00e7\u00f5es pela Independ\u00eancia da Bahia, no 2 de Julho, tamb\u00e9m levar\u00e3o \u00e0s ruas de Salvador a voz do Sindsa\u00fade-Ba e dos servidores da Sesab, em protesto por uma sa\u00fade p\u00fablica de qualidade e independente. O sindicato e os trabalhadores de diversas unidades de sa\u00fade&#8230;<\/p>\n","protected":false},"author":2,"featured_media":1385,"comment_status":"open","ping_status":"open","sticky":false,"template":"","format":"standard","meta":[],"categories":[11],"tags":[],"amp_validity":null,"amp_enabled":true,"_links":{"self":[{"href":"https:\/\/sindsaudeba.org.br\/portal\/wp-json\/wp\/v2\/posts\/1384"}],"collection":[{"href":"https:\/\/sindsaudeba.org.br\/portal\/wp-json\/wp\/v2\/posts"}],"about":[{"href":"https:\/\/sindsaudeba.org.br\/portal\/wp-json\/wp\/v2\/types\/post"}],"author":[{"embeddable":true,"href":"https:\/\/sindsaudeba.org.br\/portal\/wp-json\/wp\/v2\/users\/2"}],"replies":[{"embeddable":true,"href":"https:\/\/sindsaudeba.org.br\/portal\/wp-json\/wp\/v2\/comments?post=1384"}],"version-history":[{"count":1,"href":"https:\/\/sindsaudeba.org.br\/portal\/wp-json\/wp\/v2\/posts\/1384\/revisions"}],"predecessor-version":[{"id":14497,"href":"https:\/\/sindsaudeba.org.br\/portal\/wp-json\/wp\/v2\/posts\/1384\/revisions\/14497"}],"wp:featuredmedia":[{"embeddable":true,"href":"https:\/\/sindsaudeba.org.br\/portal\/wp-json\/wp\/v2\/media\/1385"}],"wp:attachment":[{"href":"https:\/\/sindsaudeba.org.br\/portal\/wp-json\/wp\/v2\/media?parent=1384"}],"wp:term":[{"taxonomy":"category","embeddable":true,"href":"https:\/\/sindsaudeba.org.br\/portal\/wp-json\/wp\/v2\/categories?post=1384"},{"taxonomy":"post_tag","embeddable":true,"href":"https:\/\/sindsaudeba.org.br\/portal\/wp-json\/wp\/v2\/tags?post=1384"}],"curies":[{"name":"wp","href":"https:\/\/api.w.org\/{rel}","templated":true}]}}