{"id":1379,"date":"2013-06-28T13:02:39","date_gmt":"2013-06-28T16:02:39","guid":{"rendered":"http:\/\/www.sindsaudeba.org.br\/novo\/?p=1379"},"modified":"2019-12-13T17:59:31","modified_gmt":"2019-12-13T20:59:31","slug":"centrais-farao-paralisacoes-conjuntas-em-todo-o-pais-no-dia-11-de-julho","status":"publish","type":"post","link":"https:\/\/sindsaudeba.org.br\/portal\/blog\/centrais-farao-paralisacoes-conjuntas-em-todo-o-pais-no-dia-11-de-julho\/","title":{"rendered":"Centrais far\u00e3o paralisa\u00e7\u00f5es conjuntas em todo o pa\u00eds no dia 11 de julho"},"content":{"rendered":"<p><!--[if gte mso 9]&gt;--><\/p>\n<p>  Normal<br \/>\n  0<br \/>\n  21<\/p>\n<p>  false<br \/>\n  false<br \/>\n  false<\/p>\n<p>  MicrosoftInternetExplorer4<\/p>\n<p><!--[if gte mso 9]&gt;--><\/p>\n<p><!--[if !mso]&gt;--><\/p>\n<p>st1\\:*{behavior:url(#ieooui) }<\/p>\n<p><!--[if gte mso 10]&gt;--><\/p>\n<p> \/* Style Definitions *\/<br \/>\n table.MsoNormalTable<br \/>\n\t{mso-style-name:&#8221;Tabela normal&#8221;;<br \/>\n\tmso-tstyle-rowband-size:0;<br \/>\n\tmso-tstyle-colband-size:0;<br \/>\n\tmso-style-noshow:yes;<br \/>\n\tmso-style-parent:&#8221;&#8221;;<br \/>\n\tmso-padding-alt:0cm 5.4pt 0cm 5.4pt;<br \/>\n\tmso-para-margin:0cm;<br \/>\n\tmso-para-margin-bottom:.0001pt;<br \/>\n\tmso-pagination:widow-orphan;<br \/>\n\tfont-size:10.0pt;<br \/>\n\tfont-family:&#8221;Times New Roman&#8221;;<br \/>\n\tmso-ansi-language:#0400;<br \/>\n\tmso-fareast-language:#0400;<br \/>\n\tmso-bidi-language:#0400;}<\/p>\n<p class=\"MsoNormal\"><a href=\"http:\/\/www.sindsaudeba.org.br\/novo\/wp-content\/uploads\/2013\/06\/centrais_25061.jpg\"><img loading=\"lazy\" class=\"alignleft size-medium wp-image-1381\" title=\"centrais_2506\" src=\"http:\/\/www.sindsaudeba.org.br\/novo\/wp-content\/uploads\/2013\/06\/centrais_25061-300x191.jpg\" alt=\"\" width=\"300\" height=\"191\" \/><\/a>As oito centrais sindicais do pa\u00eds se reuniram na \u00faltima ter\u00e7a-feira (25), em S\u00e3o Paulo, para anunciar uma decis\u00e3o hist\u00f3rica: CTB, CUT, UGT, CSB, NCST, CGTB, CSP-Conlutas e FS ir\u00e3o organizar, de maneira conjunta, uma s\u00e9rie de paralisa\u00e7\u00f5es por todo o Brasil no dia 11 de julho, com o prop\u00f3sito de pressionar o governo e o empresariado a aprovar a pauta de reivindica\u00e7\u00f5es da classe trabalhadora.<br \/>\nA reuni\u00e3o das oito centrais antecedeu o encontro que seus representantes ter\u00e3o com a presidenta Dilma Rousseff nesta quarta-feira, em Bras\u00edlia. Para o secret\u00e1rio-geral da CTB, Pascoal Carneiro, foi importante o movimento sindical demonstrar unidade neste momento em que o pa\u00eds tem visto milh\u00f5es de pessoas sa\u00edrem \u00e0s ruas para protestar por mudan\u00e7as.<br \/>\n\u201cNosso papel ser\u00e1 levantar as bandeiras de luta da classe trabalhadora e incorporar as reclama\u00e7\u00f5es das ruas. N\u00f3s vemos com bons olhos o que est\u00e1 acontecendo no pa\u00eds e j\u00e1 temos h\u00e1 tempos uma proposta de concreta para que o Brasil se desenvolva\u201d, afirmou o dirigente da CTB, referindo-se \u00e0 Agenda da Classe Trabalhadora, documento formulado pelas centrais em 2010, durante a segunda Confer\u00eancia Nacional da Classe Trabalhadora (Conclat).<br \/>\n<strong>Luta pela democracia e pelos direitos trabalhistas<\/strong><br \/>\nAo encerramento da reuni\u00e3o, as centrais definiram que o 11 de julho ser\u00e1 chamado de Dia Nacional de Lutas com Greves e Mobiliza\u00e7\u00f5es, a partir do lema \u201cPelas Liberdades Democr\u00e1ticas e pelos Direitos dos Trabalhadores\u201d.<br \/>\nAs lideran\u00e7as sindicais tamb\u00e9m definiram nove bandeiras de luta como fundamentais na atual conjuntura. A lista abaixo ser\u00e1 entregue \u00e0 presidenta no encontro desta quarta-feira e ganhar\u00e1 destaque em cada parasali\u00e7\u00e3o que ser\u00e1 realizada em 11 de julho:<br \/>\n&#8211; Fim do fator previdenci\u00e1rio<br \/>\n&#8211; 10% do PIB para a Sa\u00fade<br \/>\n&#8211; 10% do PIB para a Educa\u00e7\u00e3o<br \/>\n&#8211; Redu\u00e7\u00e3o da Jornada de Trabalho para 40h semanais, sem redu\u00e7\u00e3o de sal\u00e1rios<br \/>\n&#8211; Valoriza\u00e7\u00e3o das Aposentadorias<br \/>\n&#8211; Transporte p\u00fablico e de qualidade<br \/>\n&#8211; Reforma Agr\u00e1ria<br \/>\n&#8211; Mudan\u00e7as nos Leil\u00f5es de Petr\u00f3leo<br \/>\n&#8211; Recha\u00e7o ao PL 4330, sobre Terceiriza\u00e7\u00e3o.<br \/>\n<strong>Paralisa\u00e7\u00f5es<\/strong><br \/>\nAp\u00f3s a reuni\u00e3o com Dilma, os representantes das centrais voltar\u00e3o a se reunir nos pr\u00f3ximos dias para acertar os detalhes das paralisa\u00e7\u00f5es que devem parar o Brasil no dia 11 de julho.<br \/>\nPara Pascoal Carneiro, ser\u00e1 importante a regionaliza\u00e7\u00e3o dos atos, no sentido de interromper, nem que seja por algumas horas, os principais centros produtivos do pa\u00eds. \u201cIremos demonstrar nossa capacidade de articula\u00e7\u00e3o e contribuir para que essa onda de manifesta\u00e7\u00f5es tome um rumo progressista, no sentido de trazer melhorias concretas para a classe trabalhadora e de impedir que qualquer movimento antidemocr\u00e1tico ganhe for\u00e7a perante a sociedade\u201d.<br \/>\n<strong>Fernando Damasceno \u2013 Portal CTB<\/strong><\/p>\n","protected":false},"excerpt":{"rendered":"<p>Normal 0 21 false false false MicrosoftInternetExplorer4 st1\\:*{behavior:url(#ieooui) } \/* Style Definitions *\/ table.MsoNormalTable {mso-style-name:&#8221;Tabela normal&#8221;; mso-tstyle-rowband-size:0; mso-tstyle-colband-size:0; mso-style-noshow:yes; mso-style-parent:&#8221;&#8221;; mso-padding-alt:0cm 5.4pt 0cm 5.4pt; mso-para-margin:0cm; mso-para-margin-bottom:.0001pt; mso-pagination:widow-orphan; font-size:10.0pt; font-family:&#8221;Times New Roman&#8221;; mso-ansi-language:#0400; mso-fareast-language:#0400; mso-bidi-language:#0400;} As oito centrais sindicais do pa\u00eds se reuniram na \u00faltima ter\u00e7a-feira&#8230;<\/p>\n","protected":false},"author":2,"featured_media":1380,"comment_status":"open","ping_status":"open","sticky":false,"template":"","format":"standard","meta":[],"categories":[11],"tags":[],"amp_validity":null,"amp_enabled":true,"_links":{"self":[{"href":"https:\/\/sindsaudeba.org.br\/portal\/wp-json\/wp\/v2\/posts\/1379"}],"collection":[{"href":"https:\/\/sindsaudeba.org.br\/portal\/wp-json\/wp\/v2\/posts"}],"about":[{"href":"https:\/\/sindsaudeba.org.br\/portal\/wp-json\/wp\/v2\/types\/post"}],"author":[{"embeddable":true,"href":"https:\/\/sindsaudeba.org.br\/portal\/wp-json\/wp\/v2\/users\/2"}],"replies":[{"embeddable":true,"href":"https:\/\/sindsaudeba.org.br\/portal\/wp-json\/wp\/v2\/comments?post=1379"}],"version-history":[{"count":1,"href":"https:\/\/sindsaudeba.org.br\/portal\/wp-json\/wp\/v2\/posts\/1379\/revisions"}],"predecessor-version":[{"id":14498,"href":"https:\/\/sindsaudeba.org.br\/portal\/wp-json\/wp\/v2\/posts\/1379\/revisions\/14498"}],"wp:featuredmedia":[{"embeddable":true,"href":"https:\/\/sindsaudeba.org.br\/portal\/wp-json\/wp\/v2\/media\/1380"}],"wp:attachment":[{"href":"https:\/\/sindsaudeba.org.br\/portal\/wp-json\/wp\/v2\/media?parent=1379"}],"wp:term":[{"taxonomy":"category","embeddable":true,"href":"https:\/\/sindsaudeba.org.br\/portal\/wp-json\/wp\/v2\/categories?post=1379"},{"taxonomy":"post_tag","embeddable":true,"href":"https:\/\/sindsaudeba.org.br\/portal\/wp-json\/wp\/v2\/tags?post=1379"}],"curies":[{"name":"wp","href":"https:\/\/api.w.org\/{rel}","templated":true}]}}