{"id":1347,"date":"2013-06-18T09:27:18","date_gmt":"2013-06-18T12:27:18","guid":{"rendered":"http:\/\/www.sindsaudeba.org.br\/novo\/?p=1347"},"modified":"2019-12-13T17:59:31","modified_gmt":"2019-12-13T20:59:31","slug":"diretoria-do-sindsaude-marca-presenca-no-ii-congresso-estadual-da-ctb","status":"publish","type":"post","link":"https:\/\/sindsaudeba.org.br\/portal\/blog\/diretoria-do-sindsaude-marca-presenca-no-ii-congresso-estadual-da-ctb\/","title":{"rendered":"Diretoria do Sindsa\u00fade marca presen\u00e7a no  II Congresso Estadual da CTB"},"content":{"rendered":"<p><!--[if gte mso 9]&gt;--><\/p>\n<p>  Normal<br \/>\n  0<br \/>\n  21<\/p>\n<p>  false<br \/>\n  false<br \/>\n  false<\/p>\n<p>  MicrosoftInternetExplorer4<\/p>\n<p><!--[if gte mso 9]&gt;--><\/p>\n<p><!--[if !mso]&gt;--><\/p>\n<p>st1\\:*{behavior:url(#ieooui) }<\/p>\n<p><!--[if gte mso 10]&gt;--><\/p>\n<p> \/* Style Definitions *\/<br \/>\n table.MsoNormalTable<br \/>\n\t{mso-style-name:&#8221;Tabela normal&#8221;;<br \/>\n\tmso-tstyle-rowband-size:0;<br \/>\n\tmso-tstyle-colband-size:0;<br \/>\n\tmso-style-noshow:yes;<br \/>\n\tmso-style-parent:&#8221;&#8221;;<br \/>\n\tmso-padding-alt:0cm 5.4pt 0cm 5.4pt;<br \/>\n\tmso-para-margin:0cm;<br \/>\n\tmso-para-margin-bottom:.0001pt;<br \/>\n\tmso-pagination:widow-orphan;<br \/>\n\tfont-size:10.0pt;<br \/>\n\tfont-family:&#8221;Times New Roman&#8221;;<br \/>\n\tmso-ansi-language:#0400;<br \/>\n\tmso-fareast-language:#0400;<br \/>\n\tmso-bidi-language:#0400;}<\/p>\n<p class=\"MsoNormal\" style=\"line-height: 150%\"><a href=\"http:\/\/www.sindsaudeba.org.br\/novo\/wp-content\/uploads\/2013\/06\/diretoria_sindsaude.jpg\"><img loading=\"lazy\" class=\"alignleft size-medium wp-image-1349\" title=\"diretoria_sindsaude\" src=\"http:\/\/www.sindsaudeba.org.br\/novo\/wp-content\/uploads\/2013\/06\/diretoria_sindsaude-300x179.jpg\" alt=\"\" width=\"300\" height=\"179\" \/><\/a>Ao lado de diversos representantes da classe trabalhadores, a diretoria do Sindsa\u00fade-Ba marcou presen\u00e7a no II Congresso Estadual da CTB, realizado nos dias 14 e 15 de junho, no Centro de Conven\u00e7\u00f5es. Mais de 600 delegados e delegadas de toda Bahia, autoridades, parlamentares e a imprensa sindical prestigiaram o evento.<\/p>\n<p class=\"MsoNormal\" style=\"line-height: 150%\">O presidente da CTB-BA, Adilson Ara\u00fajo destacou a influ\u00eancia estrat\u00e9gica do movimento sindical na luta democr\u00e1tica brasileira. \u201c\u00c9 chegada a hora de uma nova arrancada. Temos o dever moral de fazer esse balan\u00e7o positivo, pois o Brasil de hoje \u00e9 melhor que o de 10 anos atr\u00e1s. E somos parte deste projeto, temos consci\u00eancia da nossa contribui\u00e7\u00e3o nos governos de Wagner e Dilma, mas temos tamb\u00e9m o nosso projeto,\u00a0 a agenda da classe trabalhadora que busca responder de forma aut\u00f4noma e consequente os anseios da luta social\u201d, afirmou Ara\u00fajo ao conclamar o movimento sindical para tomar partido das disputas que se seguir\u00e3o em 2014.<\/p>\n<p class=\"MsoNormal\" style=\"line-height: 150%\">Presentes do encontro, a presidente do Sindsa\u00fade-ba, Inalba Fontenelle e os diretores do sindicato, Dijalma Rossi, Silvio Roberto dos Anjos e Silva e Laura das Neves, foram eleitos delegados para o Congresso Nacional da CTB, que representar\u00e3o a Bahia no Congresso Nacional, em agosto. Durante o evento, a vereadora e diretora do Sindsa\u00fade, Aladilce Souza, fortaleceu o ideal de que a pauta sindical est\u00e1 na ordem do dia da vida pol\u00edtica. Tamb\u00e9m participaram do congresso, os diretores do sindicato Jorge da Silva, Ubiratan Moreira, Edson Leite, Natal\u00edcia Santos da Silva e Ivanilda Brito.<\/p>\n<p class=\"MsoNormal\" style=\"line-height: 150%\">O II Congresso Estadual da CTB tamb\u00e9m contou com as presen\u00e7as do secret\u00e1rio estadual do Trabalho, Nilton Vasconcelos, representando o governador Jaques Wagner, o presidente do PCdoB na Bahia, deputado federal Daniel Almeida, a deputada federal pelo PCdoB-BA, Alice Portugal, a coordenadora baiana da Uni\u00e3o Brasileira de Mulheres (UBM), Daniele Costa , o deputado estadual \u00c1lvaro Gomes, dentre outros.<\/p>\n<p class=\"MsoNormal\" style=\"line-height: 150%\">Informa\u00e7\u00f5es Ascom CTB<\/p>\n","protected":false},"excerpt":{"rendered":"<p>Normal 0 21 false false false MicrosoftInternetExplorer4 st1\\:*{behavior:url(#ieooui) } \/* Style Definitions *\/ table.MsoNormalTable {mso-style-name:&#8221;Tabela normal&#8221;; mso-tstyle-rowband-size:0; mso-tstyle-colband-size:0; mso-style-noshow:yes; mso-style-parent:&#8221;&#8221;; mso-padding-alt:0cm 5.4pt 0cm 5.4pt; mso-para-margin:0cm; mso-para-margin-bottom:.0001pt; mso-pagination:widow-orphan; font-size:10.0pt; font-family:&#8221;Times New Roman&#8221;; mso-ansi-language:#0400; mso-fareast-language:#0400; mso-bidi-language:#0400;} Ao lado de diversos representantes da classe trabalhadores, a diretoria do&#8230;<\/p>\n","protected":false},"author":2,"featured_media":1348,"comment_status":"open","ping_status":"open","sticky":false,"template":"","format":"standard","meta":[],"categories":[11],"tags":[],"amp_validity":null,"amp_enabled":true,"_links":{"self":[{"href":"https:\/\/sindsaudeba.org.br\/portal\/wp-json\/wp\/v2\/posts\/1347"}],"collection":[{"href":"https:\/\/sindsaudeba.org.br\/portal\/wp-json\/wp\/v2\/posts"}],"about":[{"href":"https:\/\/sindsaudeba.org.br\/portal\/wp-json\/wp\/v2\/types\/post"}],"author":[{"embeddable":true,"href":"https:\/\/sindsaudeba.org.br\/portal\/wp-json\/wp\/v2\/users\/2"}],"replies":[{"embeddable":true,"href":"https:\/\/sindsaudeba.org.br\/portal\/wp-json\/wp\/v2\/comments?post=1347"}],"version-history":[{"count":1,"href":"https:\/\/sindsaudeba.org.br\/portal\/wp-json\/wp\/v2\/posts\/1347\/revisions"}],"predecessor-version":[{"id":14502,"href":"https:\/\/sindsaudeba.org.br\/portal\/wp-json\/wp\/v2\/posts\/1347\/revisions\/14502"}],"wp:featuredmedia":[{"embeddable":true,"href":"https:\/\/sindsaudeba.org.br\/portal\/wp-json\/wp\/v2\/media\/1348"}],"wp:attachment":[{"href":"https:\/\/sindsaudeba.org.br\/portal\/wp-json\/wp\/v2\/media?parent=1347"}],"wp:term":[{"taxonomy":"category","embeddable":true,"href":"https:\/\/sindsaudeba.org.br\/portal\/wp-json\/wp\/v2\/categories?post=1347"},{"taxonomy":"post_tag","embeddable":true,"href":"https:\/\/sindsaudeba.org.br\/portal\/wp-json\/wp\/v2\/tags?post=1347"}],"curies":[{"name":"wp","href":"https:\/\/api.w.org\/{rel}","templated":true}]}}