{"id":1337,"date":"2013-06-17T12:03:12","date_gmt":"2013-06-17T15:03:12","guid":{"rendered":"http:\/\/www.sindsaudeba.org.br\/novo\/?p=1337"},"modified":"2019-12-13T17:59:31","modified_gmt":"2019-12-13T20:59:31","slug":"diretoria-do-sindsaude-participara-do-vii-forum-de-conselhos-de-saude-do-norte-e-nordeste","status":"publish","type":"post","link":"https:\/\/sindsaudeba.org.br\/portal\/blog\/diretoria-do-sindsaude-participara-do-vii-forum-de-conselhos-de-saude-do-norte-e-nordeste\/","title":{"rendered":"Diretoria do Sindsa\u00fade participar\u00e1 do VII F\u00f3rum de Conselhos de Sa\u00fade do Norte e Nordeste"},"content":{"rendered":"<p><!--[if gte mso 9]&gt;--><\/p>\n<p>Normal<br \/>\n0<br \/>\n21<\/p>\n<p>false<br \/>\nfalse<br \/>\nfalse<\/p>\n<p>MicrosoftInternetExplorer4<\/p>\n<p><!--[if gte mso 9]&gt;--><\/p>\n<p><!--[if !mso]&gt;--><\/p>\n<p>st1\\:*{behavior:url(#ieooui) }<br \/>\n<!--[if gte mso 10]&gt;--><\/p>\n<p> \/* Style Definitions *\/<br \/>\n table.MsoNormalTable<br \/>\n\t{mso-style-name:&#8221;Tabela normal&#8221;;<br \/>\n\tmso-tstyle-rowband-size:0;<br \/>\n\tmso-tstyle-colband-size:0;<br \/>\n\tmso-style-noshow:yes;<br \/>\n\tmso-style-parent:&#8221;&#8221;;<br \/>\n\tmso-padding-alt:0cm 5.4pt 0cm 5.4pt;<br \/>\n\tmso-para-margin:0cm;<br \/>\n\tmso-para-margin-bottom:.0001pt;<br \/>\n\tmso-pagination:widow-orphan;<br \/>\n\tfont-size:10.0pt;<br \/>\n\tfont-family:&#8221;Times New Roman&#8221;;<br \/>\n\tmso-ansi-language:#0400;<br \/>\n\tmso-fareast-language:#0400;<br \/>\n\tmso-bidi-language:#0400;}<\/p>\n<p class=\"MsoNormal\" style=\"text-align: justify;line-height: 200%\"><a href=\"http:\/\/www.sindsaudeba.org.br\/novo\/wp-content\/uploads\/2013\/06\/banner-forum1.jpg\"><img loading=\"lazy\" class=\"alignleft size-medium wp-image-1339\" title=\"banner forum\" src=\"http:\/\/www.sindsaudeba.org.br\/novo\/wp-content\/uploads\/2013\/06\/banner-forum1-300x185.jpg\" alt=\"\" width=\"300\" height=\"185\" \/><\/a>Representantes do controle social estar\u00e3o reunidos no VII F\u00f3rum de Conselheiros de Sa\u00fade do Norte e Nordeste, que acontece entre os dias 19 e 21 de junho, em Aracaju. Membro do Conselho Estadual de Sa\u00fade da Bahia e diretor do Sindsa\u00fade-Ba, Silvio Roberto dos Anjos e Silva estar\u00e1 presente no encontro que discutir\u00e1 as pol\u00edticas de sa\u00fade e as principais necessidades das regi\u00f5es, que ser\u00e3o enviadas para discuss\u00e3o no Conselho Nacional de Sa\u00fade (CNS) e no Minist\u00e9rio da Sa\u00fade (MS).<\/p>\n<p style=\"text-align: justify;line-height: 150%\">A abertura do evento contar\u00e1 com a palestra da presidente do CES e secret\u00e1ria Estadual de Sa\u00fade do Cear\u00e1, Jo\u00e9lia Silva Santos, com o tema o \u201cFortalecimento do Controle Social no SUS\u201d. A palestra ser\u00e1 uma introdu\u00e7\u00e3o para aos demais eixos tem\u00e1ticos que nortear\u00e3o as discuss\u00f5es do f\u00f3rum. Os eixos tem\u00e1ticos contar\u00e3o com palestra de representantes dos estados de Sergipe, Tocantins, Amap\u00e1 e Para\u00edba.<\/p>\n","protected":false},"excerpt":{"rendered":"<p>Normal 0 21 false false false MicrosoftInternetExplorer4 st1\\:*{behavior:url(#ieooui) } \/* Style Definitions *\/ table.MsoNormalTable {mso-style-name:&#8221;Tabela normal&#8221;; mso-tstyle-rowband-size:0; mso-tstyle-colband-size:0; mso-style-noshow:yes; mso-style-parent:&#8221;&#8221;; mso-padding-alt:0cm 5.4pt 0cm 5.4pt; mso-para-margin:0cm; mso-para-margin-bottom:.0001pt; mso-pagination:widow-orphan; font-size:10.0pt; font-family:&#8221;Times New Roman&#8221;; mso-ansi-language:#0400; mso-fareast-language:#0400; mso-bidi-language:#0400;} Representantes do controle social estar\u00e3o reunidos no VII F\u00f3rum de Conselheiros&#8230;<\/p>\n","protected":false},"author":2,"featured_media":1338,"comment_status":"open","ping_status":"open","sticky":false,"template":"","format":"standard","meta":[],"categories":[11],"tags":[],"amp_validity":null,"amp_enabled":true,"_links":{"self":[{"href":"https:\/\/sindsaudeba.org.br\/portal\/wp-json\/wp\/v2\/posts\/1337"}],"collection":[{"href":"https:\/\/sindsaudeba.org.br\/portal\/wp-json\/wp\/v2\/posts"}],"about":[{"href":"https:\/\/sindsaudeba.org.br\/portal\/wp-json\/wp\/v2\/types\/post"}],"author":[{"embeddable":true,"href":"https:\/\/sindsaudeba.org.br\/portal\/wp-json\/wp\/v2\/users\/2"}],"replies":[{"embeddable":true,"href":"https:\/\/sindsaudeba.org.br\/portal\/wp-json\/wp\/v2\/comments?post=1337"}],"version-history":[{"count":1,"href":"https:\/\/sindsaudeba.org.br\/portal\/wp-json\/wp\/v2\/posts\/1337\/revisions"}],"predecessor-version":[{"id":14503,"href":"https:\/\/sindsaudeba.org.br\/portal\/wp-json\/wp\/v2\/posts\/1337\/revisions\/14503"}],"wp:featuredmedia":[{"embeddable":true,"href":"https:\/\/sindsaudeba.org.br\/portal\/wp-json\/wp\/v2\/media\/1338"}],"wp:attachment":[{"href":"https:\/\/sindsaudeba.org.br\/portal\/wp-json\/wp\/v2\/media?parent=1337"}],"wp:term":[{"taxonomy":"category","embeddable":true,"href":"https:\/\/sindsaudeba.org.br\/portal\/wp-json\/wp\/v2\/categories?post=1337"},{"taxonomy":"post_tag","embeddable":true,"href":"https:\/\/sindsaudeba.org.br\/portal\/wp-json\/wp\/v2\/tags?post=1337"}],"curies":[{"name":"wp","href":"https:\/\/api.w.org\/{rel}","templated":true}]}}