{"id":1318,"date":"2013-06-14T13:23:02","date_gmt":"2013-06-14T16:23:02","guid":{"rendered":"http:\/\/www.sindsaudeba.org.br\/novo\/?p=1318"},"modified":"2019-12-13T17:59:31","modified_gmt":"2019-12-13T20:59:31","slug":"sindsaude-e-servidores-cobram-discussao-sobre-privatizacoes-da-saude-durante-reuniao-do-ces","status":"publish","type":"post","link":"https:\/\/sindsaudeba.org.br\/portal\/blog\/sindsaude-e-servidores-cobram-discussao-sobre-privatizacoes-da-saude-durante-reuniao-do-ces\/","title":{"rendered":"Sindsa\u00fade e servidores cobram discuss\u00e3o sobre  privatiza\u00e7\u00f5es da sa\u00fade em reuni\u00e3o do CES"},"content":{"rendered":"<p><!--[if gte mso 9]&gt;--><\/p>\n<p>Normal<br \/>\n0<br \/>\n21<\/p>\n<p>false<br \/>\nfalse<br \/>\nfalse<\/p>\n<p>MicrosoftInternetExplorer4<\/p>\n<p><!--[if gte mso 9]&gt;--><\/p>\n<p><!--[if gte mso 10]&gt;--><\/p>\n<p> \/* Style Definitions *\/<br \/>\n table.MsoNormalTable<br \/>\n\t{mso-style-name:&#8221;Tabela normal&#8221;;<br \/>\n\tmso-tstyle-rowband-size:0;<br \/>\n\tmso-tstyle-colband-size:0;<br \/>\n\tmso-style-noshow:yes;<br \/>\n\tmso-style-parent:&#8221;&#8221;;<br \/>\n\tmso-padding-alt:0cm 5.4pt 0cm 5.4pt;<br \/>\n\tmso-para-margin:0cm;<br \/>\n\tmso-para-margin-bottom:.0001pt;<br \/>\n\tmso-pagination:widow-orphan;<br \/>\n\tfont-size:10.0pt;<br \/>\n\tfont-family:&#8221;Times New Roman&#8221;;<br \/>\n\tmso-ansi-language:#0400;<br \/>\n\tmso-fareast-language:#0400;<br \/>\n\tmso-bidi-language:#0400;}<\/p>\n<p style=\"text-align: justify;line-height: 150%\"><a href=\"http:\/\/www.sindsaudeba.org.br\/novo\/wp-content\/uploads\/2013\/06\/DSC_0324-copy.jpg\"><img loading=\"lazy\" class=\"alignleft size-medium wp-image-1320\" title=\"DSC_0324 copy\" src=\"http:\/\/www.sindsaudeba.org.br\/novo\/wp-content\/uploads\/2013\/06\/DSC_0324-copy-300x200.jpg\" alt=\"\" width=\"300\" height=\"200\" \/><\/a>Sem a presen\u00e7a do secret\u00e1rio da Sa\u00fade, Jorge Solla, a 199\u00aa Reuni\u00e3o Ordin\u00e1ria do Conselho Estadual da Sa\u00fade foi, mais uma vez, espa\u00e7o para manifesta\u00e7\u00e3o contra a modalidade de gest\u00e3o implementadoa pela Sesab de privatiza\u00e7\u00e3o do SUS. O encontro aconteceu na quinta-feira (13), no Hotel Sol Bahia, em Patamares.<\/p>\n<p style=\"text-align: justify;line-height: 150%\">A diretoria do Sindsa\u00fade-Ba, representada pela presidente Inalba Fontenele e pelo diretor e membro do CES, Silvio Roberto dos Anjos e Silva, al\u00e9m de servidores dos hospitais Manoel Victorino e Cl\u00e9riston Andrade, entregaram um oficio a mesa diretora do conselho, cobrando a convoca\u00e7\u00e3o de uma reuni\u00e3o com pauta espec\u00edfica para tratar das modalidades de Parceria P\u00fablico-Prvada, Organiza\u00e7\u00e3o Social, entre outras.<\/p>\n<p style=\"text-align: justify;line-height: 150%\">No documento, o sindicato questiona o fato das privatiza\u00e7\u00f5es da rede pr\u00f3pria do estado n\u00e3o terem sido submetidas \u00e0s discuss\u00f5es no CES, inst\u00e2ncia colegiada do SUS, e espa\u00e7o democr\u00e1tico para discuss\u00e3o e delibera\u00e7\u00f5es sobre os rumos da pol\u00edtica da sa\u00fade baiana. Uma nova reuni\u00e3o do CES dever\u00e1 ser agendada no m\u00eas de julho para tratar das privatiza\u00e7\u00f5es feitas pelo governo do estado na \u00e1rea da sa\u00fade.<\/p>\n<p style=\"text-align: justify;line-height: 150%\">Durante a reuni\u00e3o, diversas entidades ligadas \u00e0 sa\u00fade e movimentos sociais reiteraram apoio \u00e0 luta do Sindsa\u00fade e dos servidores da Sesab, criticando a atitude unilateral do governo na tomada de decis\u00f5es.<span>\u00a0 <\/span><\/p>\n<p class=\"MsoNormal\">\n","protected":false},"excerpt":{"rendered":"<p>Normal 0 21 false false false MicrosoftInternetExplorer4 \/* Style Definitions *\/ table.MsoNormalTable {mso-style-name:&#8221;Tabela normal&#8221;; mso-tstyle-rowband-size:0; mso-tstyle-colband-size:0; mso-style-noshow:yes; mso-style-parent:&#8221;&#8221;; mso-padding-alt:0cm 5.4pt 0cm 5.4pt; mso-para-margin:0cm; mso-para-margin-bottom:.0001pt; mso-pagination:widow-orphan; font-size:10.0pt; font-family:&#8221;Times New Roman&#8221;; mso-ansi-language:#0400; mso-fareast-language:#0400; mso-bidi-language:#0400;} Sem a presen\u00e7a do secret\u00e1rio da Sa\u00fade, Jorge Solla, a 199\u00aa Reuni\u00e3o Ordin\u00e1ria&#8230;<\/p>\n","protected":false},"author":2,"featured_media":1319,"comment_status":"open","ping_status":"open","sticky":false,"template":"","format":"standard","meta":[],"categories":[11],"tags":[],"amp_validity":null,"amp_enabled":true,"_links":{"self":[{"href":"https:\/\/sindsaudeba.org.br\/portal\/wp-json\/wp\/v2\/posts\/1318"}],"collection":[{"href":"https:\/\/sindsaudeba.org.br\/portal\/wp-json\/wp\/v2\/posts"}],"about":[{"href":"https:\/\/sindsaudeba.org.br\/portal\/wp-json\/wp\/v2\/types\/post"}],"author":[{"embeddable":true,"href":"https:\/\/sindsaudeba.org.br\/portal\/wp-json\/wp\/v2\/users\/2"}],"replies":[{"embeddable":true,"href":"https:\/\/sindsaudeba.org.br\/portal\/wp-json\/wp\/v2\/comments?post=1318"}],"version-history":[{"count":1,"href":"https:\/\/sindsaudeba.org.br\/portal\/wp-json\/wp\/v2\/posts\/1318\/revisions"}],"predecessor-version":[{"id":14506,"href":"https:\/\/sindsaudeba.org.br\/portal\/wp-json\/wp\/v2\/posts\/1318\/revisions\/14506"}],"wp:featuredmedia":[{"embeddable":true,"href":"https:\/\/sindsaudeba.org.br\/portal\/wp-json\/wp\/v2\/media\/1319"}],"wp:attachment":[{"href":"https:\/\/sindsaudeba.org.br\/portal\/wp-json\/wp\/v2\/media?parent=1318"}],"wp:term":[{"taxonomy":"category","embeddable":true,"href":"https:\/\/sindsaudeba.org.br\/portal\/wp-json\/wp\/v2\/categories?post=1318"},{"taxonomy":"post_tag","embeddable":true,"href":"https:\/\/sindsaudeba.org.br\/portal\/wp-json\/wp\/v2\/tags?post=1318"}],"curies":[{"name":"wp","href":"https:\/\/api.w.org\/{rel}","templated":true}]}}