{"id":1308,"date":"2013-06-12T13:22:11","date_gmt":"2013-06-12T16:22:11","guid":{"rendered":"http:\/\/www.sindsaudeba.org.br\/novo\/?p=1308"},"modified":"2019-12-13T17:59:32","modified_gmt":"2019-12-13T20:59:32","slug":"sindsaude-e-servidores-cobram-posicao-da-sesab-sobre-privatizacoes-durante-reuniao-do-ces","status":"publish","type":"post","link":"https:\/\/sindsaudeba.org.br\/portal\/blog\/sindsaude-e-servidores-cobram-posicao-da-sesab-sobre-privatizacoes-durante-reuniao-do-ces\/","title":{"rendered":"Sindsa\u00fade cobra posi\u00e7\u00e3o da Sesab sobre privatiza\u00e7\u00f5es"},"content":{"rendered":"<p><!--[if gte mso 9]&gt;--><\/p>\n<p>Normal<br \/>\n0<br \/>\n21<\/p>\n<p>false<br \/>\nfalse<br \/>\nfalse<\/p>\n<p>MicrosoftInternetExplorer4<\/p>\n<p><!--[if gte mso 9]&gt;--><\/p>\n<p><!--[if gte mso 10]&gt;--><\/p>\n<p> \/* Style Definitions *\/<br \/>\n table.MsoNormalTable<br \/>\n\t{mso-style-name:&#8221;Tabela normal&#8221;;<br \/>\n\tmso-tstyle-rowband-size:0;<br \/>\n\tmso-tstyle-colband-size:0;<br \/>\n\tmso-style-noshow:yes;<br \/>\n\tmso-style-parent:&#8221;&#8221;;<br \/>\n\tmso-padding-alt:0cm 5.4pt 0cm 5.4pt;<br \/>\n\tmso-para-margin:0cm;<br \/>\n\tmso-para-margin-bottom:.0001pt;<br \/>\n\tmso-pagination:widow-orphan;<br \/>\n\tfont-size:10.0pt;<br \/>\n\tfont-family:&#8221;Times New Roman&#8221;;<br \/>\n\tmso-ansi-language:#0400;<br \/>\n\tmso-fareast-language:#0400;<br \/>\n\tmso-bidi-language:#0400;}<\/p>\n<p class=\"MsoNormal\" style=\"text-align: justify;line-height: 150%\"><a href=\"http:\/\/www.sindsaudeba.org.br\/novo\/wp-content\/uploads\/2013\/06\/Privatiza\u00e7\u00e3o-n\u00e3o11.jpg\"><img loading=\"lazy\" class=\"alignleft size-medium wp-image-1310\" title=\"Privatiza\u00e7\u00e3o-n\u00e3o1\" src=\"http:\/\/www.sindsaudeba.org.br\/novo\/wp-content\/uploads\/2013\/06\/Privatiza\u00e7\u00e3o-n\u00e3o11-300x231.jpg\" alt=\"\" width=\"300\" height=\"231\" \/><\/a>Representantes dos hospitais Manoel Victorino e Cl\u00e9riston Andrade, e a diretoria do Sindsa\u00fade-Ba solicitam, mais uma vez, da Sesab esclarecimentos sobre o processo de privatiza\u00e7\u00e3o da sa\u00fade na Bahia, durante a 199\u00aa Reuni\u00e3o Ordin\u00e1ria do Conselho Estadual da Sa\u00fade (CES). O encontro ser\u00e1 realizado nesta quinta-feira (13), no Hotel Sol Bahia, em Patamares das 9h \u00e0s 18h. .<\/p>\n<p class=\"MsoNormal\" style=\"text-align: justify;line-height: 150%\">O sindicato e os servidores v\u00e3o questionar ao secret\u00e1rio estadual da Sa\u00fade, Jorge Solla, a aus\u00eancia de discuss\u00e3o em rela\u00e7\u00e3o \u00e0s privatiza\u00e7\u00f5es no CES, inst\u00e2ncia colegiada do SUS.<span>\u00a0 <\/span>O recente an\u00fancio da Sesab sobre a terceiriza\u00e7\u00e3o dos servi\u00e7os de Diagn\u00f3stico por Imagem no estado, confirma o desrespeito do governo com o CES, um espa\u00e7o democr\u00e1tico para discuss\u00e3o e delibera\u00e7\u00f5es sobre os rumos da pol\u00edtica da sa\u00fade baiana.<\/p>\n<p class=\"MsoNormal\" style=\"text-align: justify;line-height: 150%\">Participe dessa luta voc\u00ea tamb\u00e9m!<\/p>\n<p class=\"MsoNormal\" style=\"text-align: justify;line-height: 150%\">\n","protected":false},"excerpt":{"rendered":"<p>Normal 0 21 false false false MicrosoftInternetExplorer4 \/* Style Definitions *\/ table.MsoNormalTable {mso-style-name:&#8221;Tabela normal&#8221;; mso-tstyle-rowband-size:0; mso-tstyle-colband-size:0; mso-style-noshow:yes; mso-style-parent:&#8221;&#8221;; mso-padding-alt:0cm 5.4pt 0cm 5.4pt; mso-para-margin:0cm; mso-para-margin-bottom:.0001pt; mso-pagination:widow-orphan; font-size:10.0pt; font-family:&#8221;Times New Roman&#8221;; mso-ansi-language:#0400; mso-fareast-language:#0400; mso-bidi-language:#0400;} Representantes dos hospitais Manoel Victorino e Cl\u00e9riston Andrade, e a diretoria do Sindsa\u00fade-Ba&#8230;<\/p>\n","protected":false},"author":2,"featured_media":1309,"comment_status":"open","ping_status":"open","sticky":false,"template":"","format":"standard","meta":[],"categories":[11],"tags":[],"amp_validity":null,"amp_enabled":true,"_links":{"self":[{"href":"https:\/\/sindsaudeba.org.br\/portal\/wp-json\/wp\/v2\/posts\/1308"}],"collection":[{"href":"https:\/\/sindsaudeba.org.br\/portal\/wp-json\/wp\/v2\/posts"}],"about":[{"href":"https:\/\/sindsaudeba.org.br\/portal\/wp-json\/wp\/v2\/types\/post"}],"author":[{"embeddable":true,"href":"https:\/\/sindsaudeba.org.br\/portal\/wp-json\/wp\/v2\/users\/2"}],"replies":[{"embeddable":true,"href":"https:\/\/sindsaudeba.org.br\/portal\/wp-json\/wp\/v2\/comments?post=1308"}],"version-history":[{"count":1,"href":"https:\/\/sindsaudeba.org.br\/portal\/wp-json\/wp\/v2\/posts\/1308\/revisions"}],"predecessor-version":[{"id":14508,"href":"https:\/\/sindsaudeba.org.br\/portal\/wp-json\/wp\/v2\/posts\/1308\/revisions\/14508"}],"wp:featuredmedia":[{"embeddable":true,"href":"https:\/\/sindsaudeba.org.br\/portal\/wp-json\/wp\/v2\/media\/1309"}],"wp:attachment":[{"href":"https:\/\/sindsaudeba.org.br\/portal\/wp-json\/wp\/v2\/media?parent=1308"}],"wp:term":[{"taxonomy":"category","embeddable":true,"href":"https:\/\/sindsaudeba.org.br\/portal\/wp-json\/wp\/v2\/categories?post=1308"},{"taxonomy":"post_tag","embeddable":true,"href":"https:\/\/sindsaudeba.org.br\/portal\/wp-json\/wp\/v2\/tags?post=1308"}],"curies":[{"name":"wp","href":"https:\/\/api.w.org\/{rel}","templated":true}]}}