{"id":1304,"date":"2013-06-11T16:11:04","date_gmt":"2013-06-11T19:11:04","guid":{"rendered":"http:\/\/www.sindsaudeba.org.br\/novo\/?p=1304"},"modified":"2019-12-13T17:59:32","modified_gmt":"2019-12-13T20:59:32","slug":"vitoria-dos-trabalhadores-da-saude-de-amelia-rodrigues","status":"publish","type":"post","link":"https:\/\/sindsaudeba.org.br\/portal\/blog\/vitoria-dos-trabalhadores-da-saude-de-amelia-rodrigues\/","title":{"rendered":"Vit\u00f3ria dos trabalhadores da sa\u00fade de Am\u00e9lia Rodrigues"},"content":{"rendered":"<p><!--[if gte mso 9]&gt;--><\/p>\n<p>  Normal<br \/>\n  0<br \/>\n  21<\/p>\n<p>  false<br \/>\n  false<br \/>\n  false<\/p>\n<p>  MicrosoftInternetExplorer4<\/p>\n<p><!--[if gte mso 9]&gt;--><\/p>\n<p><!--[if !mso]&gt;--><\/p>\n<p>st1\\:*{behavior:url(#ieooui) }<\/p>\n<p><!--[if gte mso 10]&gt;--><\/p>\n<p> \/* Style Definitions *\/<br \/>\n table.MsoNormalTable<br \/>\n\t{mso-style-name:&#8221;Tabela normal&#8221;;<br \/>\n\tmso-tstyle-rowband-size:0;<br \/>\n\tmso-tstyle-colband-size:0;<br \/>\n\tmso-style-noshow:yes;<br \/>\n\tmso-style-parent:&#8221;&#8221;;<br \/>\n\tmso-padding-alt:0cm 5.4pt 0cm 5.4pt;<br \/>\n\tmso-para-margin:0cm;<br \/>\n\tmso-para-margin-bottom:.0001pt;<br \/>\n\tmso-pagination:widow-orphan;<br \/>\n\tfont-size:10.0pt;<br \/>\n\tfont-family:&#8221;Times New Roman&#8221;;<br \/>\n\tmso-ansi-language:#0400;<br \/>\n\tmso-fareast-language:#0400;<br \/>\n\tmso-bidi-language:#0400;}<\/p>\n<p class=\"MsoNormal\" style=\"text-align: justify;line-height: 150%\">Numa luta hist\u00f3rica de mais de tr\u00eas anos, o Sindsa\u00fade-Ba, junto com os trabalhadores da sa\u00fade do munic\u00edpio de Am\u00e9lia Rodrigues conseguiram, em Mesa de Negocia\u00e7\u00e3o, acordo que garantiu aumento linear de 9% para a categoria, respeitada a data base em janeiro, sendo maio para este ano e janeiro a partir de 2014.<\/p>\n<p class=\"MsoNormal\" style=\"text-align: justify;line-height: 150%\"><span>\u00a0<\/span>A proposta de reajuste foi acatada pelo prefeito da cidade, ap\u00f3s diversas rodadas de negocia\u00e7\u00f5es mediadas pelo Sindsa\u00fade-Ba.<span>\u00a0 <\/span>O sindicato continua a luta pela altera\u00e7\u00e3o do projeto de lei\u00a0 do PCCV no munic\u00edpio, sobretudo no que se refere \u00e0 promo\u00e7\u00e3o e progress\u00e3o de carreira.<\/p>\n<p class=\"MsoNormal\" style=\"text-align: justify;line-height: 150%\">Participaram do encontro, a vice-presidente do Sindsa\u00fade-Ba, Tereza Deir\u00f3, o subprocurador do munic\u00edpio, Geraldo, o secret\u00e1rio de finan\u00e7as, Uelington, e a secret\u00e1ria da Sa\u00fade, Maria das Gra\u00e7as, dentre outros.<\/p>\n<p class=\"MsoNormal\" style=\"text-align: justify;line-height: 150%\">Al\u00e9m do reajuste, o Sindsa\u00fade-Ba e os trabalhadores da sa\u00fade do munic\u00edpio de Am\u00e9lia Rodrigues mant\u00eam a pauta de reivindica\u00e7\u00e3o que visa melhorias sem preju\u00edzos para os trabalhadores. Entre elas, est\u00e1 o reajuste para os agentes de\u00a0endemias, a partir do m\u00eas de maio,\u00a0atrav\u00e9s de uma proposta de 1\/3 (33,33%)\u00a0calculado sobre a diferen\u00e7a entre\u00a0os valores salariais, das duas categorias: agentes comunit\u00e1rios de sa\u00fade e agentes de endemias,\u00a0mantendo o reajuste diferenciado e garantindo a equipara\u00e7\u00e3o salarial at\u00e9 o ano de 2015. A pauta inclui tamb\u00e9m a cria\u00e7\u00e3o de mecanismos para promover a educa\u00e7\u00e3o permanente para os servidores com o objetivo de melhorar o atendimento \u00e0 popula\u00e7\u00e3o.<\/p>\n<p class=\"MsoNormal\" style=\"text-align: justify;line-height: 150%\">As propostas de 9% para todos da sa\u00fade e a equipara\u00e7\u00e3o dos sal\u00e1rios dos agentes de endemias com os agentes comunit\u00e1rios de sa\u00fade est\u00e1 para ser votada nesta ter\u00e7a-feira (11\/6).<\/p>\n","protected":false},"excerpt":{"rendered":"<p>Normal 0 21 false false false MicrosoftInternetExplorer4 st1\\:*{behavior:url(#ieooui) } \/* Style Definitions *\/ table.MsoNormalTable {mso-style-name:&#8221;Tabela normal&#8221;; mso-tstyle-rowband-size:0; mso-tstyle-colband-size:0; mso-style-noshow:yes; mso-style-parent:&#8221;&#8221;; mso-padding-alt:0cm 5.4pt 0cm 5.4pt; mso-para-margin:0cm; mso-para-margin-bottom:.0001pt; mso-pagination:widow-orphan; font-size:10.0pt; font-family:&#8221;Times New Roman&#8221;; mso-ansi-language:#0400; mso-fareast-language:#0400; mso-bidi-language:#0400;} Numa luta hist\u00f3rica de mais de tr\u00eas anos, o Sindsa\u00fade-Ba, junto&#8230;<\/p>\n","protected":false},"author":2,"featured_media":1305,"comment_status":"open","ping_status":"open","sticky":false,"template":"","format":"standard","meta":[],"categories":[8],"tags":[],"amp_validity":null,"amp_enabled":true,"_links":{"self":[{"href":"https:\/\/sindsaudeba.org.br\/portal\/wp-json\/wp\/v2\/posts\/1304"}],"collection":[{"href":"https:\/\/sindsaudeba.org.br\/portal\/wp-json\/wp\/v2\/posts"}],"about":[{"href":"https:\/\/sindsaudeba.org.br\/portal\/wp-json\/wp\/v2\/types\/post"}],"author":[{"embeddable":true,"href":"https:\/\/sindsaudeba.org.br\/portal\/wp-json\/wp\/v2\/users\/2"}],"replies":[{"embeddable":true,"href":"https:\/\/sindsaudeba.org.br\/portal\/wp-json\/wp\/v2\/comments?post=1304"}],"version-history":[{"count":1,"href":"https:\/\/sindsaudeba.org.br\/portal\/wp-json\/wp\/v2\/posts\/1304\/revisions"}],"predecessor-version":[{"id":14509,"href":"https:\/\/sindsaudeba.org.br\/portal\/wp-json\/wp\/v2\/posts\/1304\/revisions\/14509"}],"wp:featuredmedia":[{"embeddable":true,"href":"https:\/\/sindsaudeba.org.br\/portal\/wp-json\/wp\/v2\/media\/1305"}],"wp:attachment":[{"href":"https:\/\/sindsaudeba.org.br\/portal\/wp-json\/wp\/v2\/media?parent=1304"}],"wp:term":[{"taxonomy":"category","embeddable":true,"href":"https:\/\/sindsaudeba.org.br\/portal\/wp-json\/wp\/v2\/categories?post=1304"},{"taxonomy":"post_tag","embeddable":true,"href":"https:\/\/sindsaudeba.org.br\/portal\/wp-json\/wp\/v2\/tags?post=1304"}],"curies":[{"name":"wp","href":"https:\/\/api.w.org\/{rel}","templated":true}]}}