{"id":1273,"date":"2013-06-04T12:58:12","date_gmt":"2013-06-04T15:58:12","guid":{"rendered":"http:\/\/www.sindsaudeba.org.br\/novo\/?p=1273"},"modified":"2019-12-13T17:59:32","modified_gmt":"2019-12-13T20:59:32","slug":"diretoria-do-sindsaude-se-reune-com-mpe-para-discutir-privatizacoes-da-saude","status":"publish","type":"post","link":"https:\/\/sindsaudeba.org.br\/portal\/blog\/diretoria-do-sindsaude-se-reune-com-mpe-para-discutir-privatizacoes-da-saude\/","title":{"rendered":"Diretoria do Sindsa\u00fade se re\u00fane com MPE  para discutir privatiza\u00e7\u00f5es da sa\u00fade"},"content":{"rendered":"<p><!--[if gte mso 9]&gt;--><\/p>\n<p>Normal<br \/>\n0<br \/>\n21<\/p>\n<p>false<br \/>\nfalse<br \/>\nfalse<\/p>\n<p>MicrosoftInternetExplorer4<\/p>\n<p><!--[if gte mso 9]&gt;--><\/p>\n<p><!--[if gte mso 10]&gt;--><\/p>\n<p> \/* Style Definitions *\/<br \/>\n table.MsoNormalTable<br \/>\n\t{mso-style-name:&#8221;Tabela normal&#8221;;<br \/>\n\tmso-tstyle-rowband-size:0;<br \/>\n\tmso-tstyle-colband-size:0;<br \/>\n\tmso-style-noshow:yes;<br \/>\n\tmso-style-parent:&#8221;&#8221;;<br \/>\n\tmso-padding-alt:0cm 5.4pt 0cm 5.4pt;<br \/>\n\tmso-para-margin:0cm;<br \/>\n\tmso-para-margin-bottom:.0001pt;<br \/>\n\tmso-pagination:widow-orphan;<br \/>\n\tfont-size:10.0pt;<br \/>\n\tfont-family:&#8221;Times New Roman&#8221;;<br \/>\n\tmso-ansi-language:#0400;<br \/>\n\tmso-fareast-language:#0400;<br \/>\n\tmso-bidi-language:#0400;}<\/p>\n<p class=\"MsoNormal\" style=\"text-align: justify;line-height: 150%\"><a href=\"http:\/\/www.sindsaudeba.org.br\/novo\/wp-content\/uploads\/2013\/06\/banner-ppp1.jpg\"><img loading=\"lazy\" class=\"alignleft size-medium wp-image-1275\" title=\"banner ppp\" src=\"http:\/\/www.sindsaudeba.org.br\/novo\/wp-content\/uploads\/2013\/06\/banner-ppp1-300x185.jpg\" alt=\"\" width=\"300\" height=\"185\" \/><\/a>A diretoria do Sindsa\u00fadeBa se re\u00fane com o Minist\u00e9rio P\u00fablico Estadual para discutir a privatiza\u00e7\u00e3o dos hospitais p\u00fablicos do estado (Manoel Victorino, Cl\u00e9riston Andrade, Couto Maia e Dom Rodrigo de Menezes), nesta quarta-feira (5). No mesmo dia em que o sindicato busca uma solu\u00e7\u00e3o para tentar frear a pol\u00edtica de transfer\u00eancia de gest\u00e3o estadual para o setor privado, o secret\u00e1rio estadual da Sa\u00fade, Jorge Solla, realiza audi\u00eancia p\u00fablica para apresentar mais um projeto de Parceria P\u00fablico-Privada (PP) para servi\u00e7os de diagn\u00f3stico por imagem.<\/p>\n<p class=\"MsoNormal\" style=\"text-align: justify;line-height: 150%\">O sindicato estar\u00e1 presente na audi\u00eancia realizada pela Sesab na Funda\u00e7\u00e3o Lu\u00eds Eduardo Magalh\u00e3es, \u00e0s 9h, para repudiar, mais uma vez, a atitude do governo estadual de entregar a gest\u00e3o p\u00fablica da sa\u00fade nas m\u00e3os da iniciativa privada. Para o Sindsa\u00fade-Ba, a gest\u00e3o por PPP \u00e9 uma forma de privatiza\u00e7\u00e3o do SUS e contribui para a precariza\u00e7\u00e3o das rela\u00e7\u00f5es de trabalho. Outra preocupa\u00e7\u00e3o do sindicato e dos trabalhadores diz respeito ao atendimento para a popula\u00e7\u00e3o, que poder\u00e1 passar a ser limitado.<\/p>\n<p class=\"MsoNormal\" style=\"text-align: justify;line-height: 150%\">O Sindicato cobra dos \u00f3rg\u00e3os de controle de gest\u00e3o um posicionamento sobre as privatiza\u00e7\u00f5es realizadas pela Sesab. A diretoria do Sindsa\u00fade vai reafirmar sua posi\u00e7\u00e3o contr\u00e1ria \u00e0 pol\u00edtica de terceiriza\u00e7\u00e3o do SUS aplicada pelo governo estadual durante a reuni\u00e3o do Conselho Estadual da Sa\u00fade, que ser\u00e1 realizada no pr\u00f3ximo dia 13 de junho, no Hotel Sol Bahia, em Patamares.<\/p>\n","protected":false},"excerpt":{"rendered":"<p>Normal 0 21 false false false MicrosoftInternetExplorer4 \/* Style Definitions *\/ table.MsoNormalTable {mso-style-name:&#8221;Tabela normal&#8221;; mso-tstyle-rowband-size:0; mso-tstyle-colband-size:0; mso-style-noshow:yes; mso-style-parent:&#8221;&#8221;; mso-padding-alt:0cm 5.4pt 0cm 5.4pt; mso-para-margin:0cm; mso-para-margin-bottom:.0001pt; mso-pagination:widow-orphan; font-size:10.0pt; font-family:&#8221;Times New Roman&#8221;; mso-ansi-language:#0400; mso-fareast-language:#0400; mso-bidi-language:#0400;} A diretoria do Sindsa\u00fadeBa se re\u00fane com o Minist\u00e9rio P\u00fablico Estadual para discutir&#8230;<\/p>\n","protected":false},"author":2,"featured_media":1274,"comment_status":"open","ping_status":"open","sticky":false,"template":"","format":"standard","meta":[],"categories":[11],"tags":[],"amp_validity":null,"amp_enabled":true,"_links":{"self":[{"href":"https:\/\/sindsaudeba.org.br\/portal\/wp-json\/wp\/v2\/posts\/1273"}],"collection":[{"href":"https:\/\/sindsaudeba.org.br\/portal\/wp-json\/wp\/v2\/posts"}],"about":[{"href":"https:\/\/sindsaudeba.org.br\/portal\/wp-json\/wp\/v2\/types\/post"}],"author":[{"embeddable":true,"href":"https:\/\/sindsaudeba.org.br\/portal\/wp-json\/wp\/v2\/users\/2"}],"replies":[{"embeddable":true,"href":"https:\/\/sindsaudeba.org.br\/portal\/wp-json\/wp\/v2\/comments?post=1273"}],"version-history":[{"count":1,"href":"https:\/\/sindsaudeba.org.br\/portal\/wp-json\/wp\/v2\/posts\/1273\/revisions"}],"predecessor-version":[{"id":14513,"href":"https:\/\/sindsaudeba.org.br\/portal\/wp-json\/wp\/v2\/posts\/1273\/revisions\/14513"}],"wp:featuredmedia":[{"embeddable":true,"href":"https:\/\/sindsaudeba.org.br\/portal\/wp-json\/wp\/v2\/media\/1274"}],"wp:attachment":[{"href":"https:\/\/sindsaudeba.org.br\/portal\/wp-json\/wp\/v2\/media?parent=1273"}],"wp:term":[{"taxonomy":"category","embeddable":true,"href":"https:\/\/sindsaudeba.org.br\/portal\/wp-json\/wp\/v2\/categories?post=1273"},{"taxonomy":"post_tag","embeddable":true,"href":"https:\/\/sindsaudeba.org.br\/portal\/wp-json\/wp\/v2\/tags?post=1273"}],"curies":[{"name":"wp","href":"https:\/\/api.w.org\/{rel}","templated":true}]}}