{"id":1267,"date":"2013-06-04T09:46:10","date_gmt":"2013-06-04T12:46:10","guid":{"rendered":"http:\/\/www.sindsaudeba.org.br\/novo\/?p=1267"},"modified":"2019-12-13T17:59:32","modified_gmt":"2019-12-13T20:59:32","slug":"comissao-se-reune-para-discutir-instrucao-normativa-nesta-quinta","status":"publish","type":"post","link":"https:\/\/sindsaudeba.org.br\/portal\/blog\/comissao-se-reune-para-discutir-instrucao-normativa-nesta-quinta\/","title":{"rendered":"Comiss\u00e3o se re\u00fane para discutir Instru\u00e7\u00e3o Normativa nesta quinta"},"content":{"rendered":"<p><!--[if gte mso 9]&gt;--><\/p>\n<p>  Normal<br \/>\n  0<br \/>\n  21<\/p>\n<p>  false<br \/>\n  false<br \/>\n  false<\/p>\n<p>  MicrosoftInternetExplorer4<\/p>\n<p><!--[if gte mso 9]&gt;--><\/p>\n<p><!--[if gte mso 10]&gt;--><\/p>\n<p> \/* Style Definitions *\/<br \/>\n table.MsoNormalTable<br \/>\n\t{mso-style-name:&#8221;Tabela normal&#8221;;<br \/>\n\tmso-tstyle-rowband-size:0;<br \/>\n\tmso-tstyle-colband-size:0;<br \/>\n\tmso-style-noshow:yes;<br \/>\n\tmso-style-parent:&#8221;&#8221;;<br \/>\n\tmso-padding-alt:0cm 5.4pt 0cm 5.4pt;<br \/>\n\tmso-para-margin:0cm;<br \/>\n\tmso-para-margin-bottom:.0001pt;<br \/>\n\tmso-pagination:widow-orphan;<br \/>\n\tfont-size:10.0pt;<br \/>\n\tfont-family:&#8221;Times New Roman&#8221;;<br \/>\n\tmso-ansi-language:#0400;<br \/>\n\tmso-fareast-language:#0400;<br \/>\n\tmso-bidi-language:#0400;}<\/p>\n<p class=\"MsoNormal\" style=\"text-align: justify;line-height: 150%\"><a href=\"http:\/\/www.sindsaudeba.org.br\/novo\/wp-content\/uploads\/2013\/06\/ponto-eletronico.jpg\"><img loading=\"lazy\" class=\"alignleft size-medium wp-image-1268\" title=\"D\" src=\"http:\/\/www.sindsaudeba.org.br\/novo\/wp-content\/uploads\/2013\/06\/ponto-eletronico-300x255.jpg\" alt=\"\" width=\"300\" height=\"255\" \/><\/a>A Comiss\u00e3o formada pelo Sindsa\u00fade, Saeb e Sesab para discutir a Instru\u00e7\u00e3o Normativa do cart\u00e3o de ponto se re\u00fane na pr\u00f3xima quinta-feira (6\/5), na sede da Sesab, \u00e0s 14h. O objetivo \u00e9 avaliar todos os questionamentos apresentados pelo sindicato e pelas dire\u00e7\u00f5es das unidades de sa\u00fade.<span>\u00a0 <\/span>As defini\u00e7\u00f5es da reuni\u00e3o ser\u00e3o apresentadas aos servidores da sa\u00fade em assembleia que ser\u00e1 realizada no pr\u00f3ximo dia (11\/5), na sede do Sindicato dos Banc\u00e1rios, \u00e0s 16h.<\/p>\n<p class=\"MsoNormal\" style=\"text-align: justify;line-height: 150%\">O Sindsa\u00fade-Ba ressalta que ainda existem muitos pontos divergentes nas unidades de sa\u00fade. Durante a assembleia, a expectativa \u00e9 que seja fechada uma proposta conjunta com toda a categoria para ser apresentada ao governo. Entre os pontos que ser\u00e3o questionados pelo sindicato est\u00e1 a situa\u00e7\u00e3o das unidades com carga hor\u00e1ria de atendimento diferenciada. Outros pontos divergentes da instru\u00e7\u00e3o dizem respeito \u00e0 garantia de acompanhamento do relat\u00f3rio di\u00e1rio e a computa\u00e7\u00e3o das horas extras.<\/p>\n<p class=\"MsoNormal\" style=\"text-align: justify;line-height: 150%\">O Sindsa\u00fade ressalta que est\u00e1 mantida a decis\u00e3o tomada pela categoria em assembleia geral realizada no dia 25 de abril, de <strong><span style=\"font-weight: normal\">manuten\u00e7\u00e3o do atual sistema de registro de ponto, at\u00e9 que a Instru\u00e7\u00e3o Normativa seja discutida e modificada evitando preju\u00edzos para o servidor e para a assist\u00eancia. <\/span><\/strong><\/p>\n<p class=\"MsoNormal\">\n","protected":false},"excerpt":{"rendered":"<p>Normal 0 21 false false false MicrosoftInternetExplorer4 \/* Style Definitions *\/ table.MsoNormalTable {mso-style-name:&#8221;Tabela normal&#8221;; mso-tstyle-rowband-size:0; mso-tstyle-colband-size:0; mso-style-noshow:yes; mso-style-parent:&#8221;&#8221;; mso-padding-alt:0cm 5.4pt 0cm 5.4pt; mso-para-margin:0cm; mso-para-margin-bottom:.0001pt; mso-pagination:widow-orphan; font-size:10.0pt; font-family:&#8221;Times New Roman&#8221;; mso-ansi-language:#0400; mso-fareast-language:#0400; mso-bidi-language:#0400;} A Comiss\u00e3o formada pelo Sindsa\u00fade, Saeb e Sesab para discutir a Instru\u00e7\u00e3o Normativa&#8230;<\/p>\n","protected":false},"author":2,"featured_media":1269,"comment_status":"open","ping_status":"open","sticky":false,"template":"","format":"standard","meta":[],"categories":[11],"tags":[],"amp_validity":null,"amp_enabled":true,"_links":{"self":[{"href":"https:\/\/sindsaudeba.org.br\/portal\/wp-json\/wp\/v2\/posts\/1267"}],"collection":[{"href":"https:\/\/sindsaudeba.org.br\/portal\/wp-json\/wp\/v2\/posts"}],"about":[{"href":"https:\/\/sindsaudeba.org.br\/portal\/wp-json\/wp\/v2\/types\/post"}],"author":[{"embeddable":true,"href":"https:\/\/sindsaudeba.org.br\/portal\/wp-json\/wp\/v2\/users\/2"}],"replies":[{"embeddable":true,"href":"https:\/\/sindsaudeba.org.br\/portal\/wp-json\/wp\/v2\/comments?post=1267"}],"version-history":[{"count":1,"href":"https:\/\/sindsaudeba.org.br\/portal\/wp-json\/wp\/v2\/posts\/1267\/revisions"}],"predecessor-version":[{"id":14515,"href":"https:\/\/sindsaudeba.org.br\/portal\/wp-json\/wp\/v2\/posts\/1267\/revisions\/14515"}],"wp:featuredmedia":[{"embeddable":true,"href":"https:\/\/sindsaudeba.org.br\/portal\/wp-json\/wp\/v2\/media\/1269"}],"wp:attachment":[{"href":"https:\/\/sindsaudeba.org.br\/portal\/wp-json\/wp\/v2\/media?parent=1267"}],"wp:term":[{"taxonomy":"category","embeddable":true,"href":"https:\/\/sindsaudeba.org.br\/portal\/wp-json\/wp\/v2\/categories?post=1267"},{"taxonomy":"post_tag","embeddable":true,"href":"https:\/\/sindsaudeba.org.br\/portal\/wp-json\/wp\/v2\/tags?post=1267"}],"curies":[{"name":"wp","href":"https:\/\/api.w.org\/{rel}","templated":true}]}}