{"id":1254,"date":"2013-05-29T14:41:18","date_gmt":"2013-05-29T17:41:18","guid":{"rendered":"http:\/\/www.sindsaudeba.org.br\/novo\/?p=1254"},"modified":"2019-12-13T17:59:32","modified_gmt":"2019-12-13T20:59:32","slug":"protesto-contra-privatizacao-do-hospital-cleriston-andrade","status":"publish","type":"post","link":"https:\/\/sindsaudeba.org.br\/portal\/blog\/protesto-contra-privatizacao-do-hospital-cleriston-andrade\/","title":{"rendered":"Protesto contra privatiza\u00e7\u00e3o do Hospital Cl\u00e9riston Andrade"},"content":{"rendered":"<p style=\"text-align: center\"><strong><em>Servidores da unidade, em Feira de Santana, pararam por 24 horas na ter\u00e7a (28)<\/em><\/strong><\/p>\n<p style=\"text-align: justify\"><a href=\"http:\/\/www.sindsaudeba.org.br\/novo\/wp-content\/uploads\/2013\/05\/Site-DSC_0452-1.jpg\"><img loading=\"lazy\" class=\"alignleft size-medium wp-image-1255\" title=\"Site - DSC_0452 (1)\" src=\"http:\/\/www.sindsaudeba.org.br\/novo\/wp-content\/uploads\/2013\/05\/Site-DSC_0452-1-300x186.jpg\" alt=\"\" width=\"300\" height=\"186\" \/><\/a><\/p>\n<p style=\"text-align: justify\"><span style=\"text-align: justify\">Com faixas, cartazes, apitos e nariz de palha\u00e7o, servidores do Hospital Geral Cl\u00e9riston Andrade, em Feira de Santana, promoveram ato p\u00fablico em frente \u00e0 unidade, na manh\u00e3 de ter\u00e7a-feira (28), dia de paralisa\u00e7\u00e3o em protesto contra a pol\u00edtica de privatiza\u00e7\u00e3o implantada pelo governo estadual. Liderados pelo Sindsa\u00fade-Ba, Sindimed, Comiss\u00e3o de Mobiliza\u00e7\u00e3o Contra a Privatiza\u00e7\u00e3o do HGCA e outras entidades sindicais, os trabalhadores defenderam a manuten\u00e7\u00e3o da liminar concedida pelo juiz Roque Rui Barbosa de Ara\u00fajo, da Vara da Fazenda P\u00fablica, em Feira de Santana, que determina a suspens\u00e3o do processo de publiciza\u00e7\u00e3o do modelo de gest\u00e3o do HGCA.<\/span><\/p>\n<p style=\"text-align: justify\">\u201cServidores do HGCA e a popula\u00e7\u00e3o de Feira de Santana acreditam na Justi\u00e7a. Pela manuten\u00e7\u00e3o da liminar\u201d e \u201cProtejam o Cl\u00e9riston Andrade. O hospital do povo e n\u00e3o do patr\u00e3o\u201d. Estas eram as mensagens das faixas \u00e0 frente da manifesta\u00e7\u00e3o, que interrompeu o tr\u00e1fego na movimentada Avenida do Contorno para chamar aten\u00e7\u00e3o da comunidade e denunciar os riscos da privatiza\u00e7\u00e3o. Apenas os atendimentos de urg\u00eancia e emerg\u00eancia no hospital, que \u00e9 refer\u00eancia para toda a regi\u00e3o, foram mantidos pelos servidores.<br \/>\nEntre as cr\u00edticas ao processo de privatiza\u00e7\u00e3o, os servidores apontam a queda no atendimento ao p\u00fablico, uma vez que a taxa de ocupa\u00e7\u00e3o, pela gest\u00e3o via organiza\u00e7\u00e3o social (OS), cair\u00e1 de 107% para 85%. Al\u00e9m disso, os trabalhadores mostram-se preocupados com o v\u00ednculo trabalhista, j\u00e1 que o novo modelo dispensa concurso p\u00fablico. A categoria questiona, tamb\u00e9m, os crit\u00e9rios que ser\u00e3o utilizados para a aplica\u00e7\u00e3o dos recursos p\u00fablicos da Sa\u00fade, pelo fato da OS que vier a assumir o hospital n\u00e3o ser obrigada a realizar licita\u00e7\u00f5es.<br \/>\nNo entendimento do Sindsa\u00fade-Ba, o processo de transfer\u00eancia das unidades de Sa\u00fade para o setor privado enfraquece o Sistema \u00danico de Sa\u00fade (SUS) e significa abrir m\u00e3o do dever constitucional de assegurar atendimento a toda a popula\u00e7\u00e3o. O sindicato contesta, tamb\u00e9m, o fato do governo estadual estar implantando o novo modelo de forma unilateral, sem discutir com o Conselho Estadual de Sa\u00fade e contrariando as diretrizes das confer\u00eancias Nacional e Estadual de Sa\u00fade.<\/p>\n<p style=\"text-align: justify\"><strong>Audi\u00eancia no MPE<\/strong><\/p>\n<p style=\"text-align: justify\">No dia 5 de junho, quarta-feira, \u00e0s 10h, a comiss\u00e3o de representa\u00e7\u00e3o das entidades sindicais da Sa\u00fade ter\u00e1 audi\u00eancia na sede do Minist\u00e9rio P\u00fablico do Estado (MPE), no bairro de Nazar\u00e9, para discutir os processos de privatiza\u00e7\u00e3o dos hospitais Cl\u00e9riston Andrade, Manoel Victorino e outros da rede p\u00fablica estadual<\/p>\n","protected":false},"excerpt":{"rendered":"<p>Servidores da unidade, em Feira de Santana, pararam por 24 horas na ter\u00e7a (28) Com faixas, cartazes, apitos e nariz de palha\u00e7o, servidores do Hospital Geral Cl\u00e9riston Andrade, em Feira de Santana, promoveram ato p\u00fablico em frente \u00e0 unidade, na manh\u00e3 de ter\u00e7a-feira (28), dia&#8230;<\/p>\n","protected":false},"author":2,"featured_media":1259,"comment_status":"open","ping_status":"open","sticky":false,"template":"","format":"standard","meta":[],"categories":[11],"tags":[],"amp_validity":null,"amp_enabled":true,"_links":{"self":[{"href":"https:\/\/sindsaudeba.org.br\/portal\/wp-json\/wp\/v2\/posts\/1254"}],"collection":[{"href":"https:\/\/sindsaudeba.org.br\/portal\/wp-json\/wp\/v2\/posts"}],"about":[{"href":"https:\/\/sindsaudeba.org.br\/portal\/wp-json\/wp\/v2\/types\/post"}],"author":[{"embeddable":true,"href":"https:\/\/sindsaudeba.org.br\/portal\/wp-json\/wp\/v2\/users\/2"}],"replies":[{"embeddable":true,"href":"https:\/\/sindsaudeba.org.br\/portal\/wp-json\/wp\/v2\/comments?post=1254"}],"version-history":[{"count":1,"href":"https:\/\/sindsaudeba.org.br\/portal\/wp-json\/wp\/v2\/posts\/1254\/revisions"}],"predecessor-version":[{"id":14517,"href":"https:\/\/sindsaudeba.org.br\/portal\/wp-json\/wp\/v2\/posts\/1254\/revisions\/14517"}],"wp:featuredmedia":[{"embeddable":true,"href":"https:\/\/sindsaudeba.org.br\/portal\/wp-json\/wp\/v2\/media\/1259"}],"wp:attachment":[{"href":"https:\/\/sindsaudeba.org.br\/portal\/wp-json\/wp\/v2\/media?parent=1254"}],"wp:term":[{"taxonomy":"category","embeddable":true,"href":"https:\/\/sindsaudeba.org.br\/portal\/wp-json\/wp\/v2\/categories?post=1254"},{"taxonomy":"post_tag","embeddable":true,"href":"https:\/\/sindsaudeba.org.br\/portal\/wp-json\/wp\/v2\/tags?post=1254"}],"curies":[{"name":"wp","href":"https:\/\/api.w.org\/{rel}","templated":true}]}}