{"id":1249,"date":"2013-05-28T13:30:01","date_gmt":"2013-05-28T16:30:01","guid":{"rendered":"http:\/\/www.sindsaudeba.org.br\/novo\/?p=1249"},"modified":"2019-12-13T17:59:32","modified_gmt":"2019-12-13T20:59:32","slug":"comissao-para-discussao-da-instrucao-normativa-e-instalada","status":"publish","type":"post","link":"https:\/\/sindsaudeba.org.br\/portal\/blog\/comissao-para-discussao-da-instrucao-normativa-e-instalada\/","title":{"rendered":"Comiss\u00e3o para discuss\u00e3o da Instru\u00e7\u00e3o Normativa \u00e9 instalada"},"content":{"rendered":"<p><!--[if gte mso 9]&gt;--><\/p>\n<p>  Normal<br \/>\n  0<br \/>\n  21<\/p>\n<p>  false<br \/>\n  false<br \/>\n  false<\/p>\n<p>  MicrosoftInternetExplorer4<\/p>\n<p><!--[if gte mso 9]&gt;--><\/p>\n<p><!--[if gte mso 10]&gt;--><\/p>\n<p> \/* Style Definitions *\/<br \/>\n table.MsoNormalTable<br \/>\n\t{mso-style-name:&#8221;Tabela normal&#8221;;<br \/>\n\tmso-tstyle-rowband-size:0;<br \/>\n\tmso-tstyle-colband-size:0;<br \/>\n\tmso-style-noshow:yes;<br \/>\n\tmso-style-parent:&#8221;&#8221;;<br \/>\n\tmso-padding-alt:0cm 5.4pt 0cm 5.4pt;<br \/>\n\tmso-para-margin:0cm;<br \/>\n\tmso-para-margin-bottom:.0001pt;<br \/>\n\tmso-pagination:widow-orphan;<br \/>\n\tfont-size:10.0pt;<br \/>\n\tfont-family:&#8221;Times New Roman&#8221;;<br \/>\n\tmso-ansi-language:#0400;<br \/>\n\tmso-fareast-language:#0400;<br \/>\n\tmso-bidi-language:#0400;}<\/p>\n<p class=\"MsoNormal\" style=\"text-align: justify;line-height: 150%\">Uma comiss\u00e3o formada pelo Sindsa\u00fade-Ba, Saeb e Sesab, para discuss\u00e3o e avalia\u00e7\u00e3o da Instru\u00e7\u00e3o Normativa do cart\u00e3o de ponto, foi instalada durante reuni\u00e3o realizada entre o sindicato e os \u00f3rg\u00e3os no governo, na \u00faltima segunda-feira (27). O objetivo da comiss\u00e3o \u00e9 avaliar ponto por ponto todos os questionamentos apresentados pelo Sindsa\u00fade e pelas dire\u00e7\u00f5es das unidades de sa\u00fade, buscando solu\u00e7\u00f5es para as distor\u00e7\u00f5es. Uma nova reuni\u00e3o ser\u00e1 realizada na pr\u00f3xima quinta-feira (6), \u00e0s 15h.<\/p>\n<p class=\"MsoNormal\" style=\"text-align: justify;line-height: 150%\"><a href=\"http:\/\/www.sindsaudeba.org.br\/novo\/wp-content\/uploads\/2013\/05\/ponto-eletronico4.jpg\"><img loading=\"lazy\" class=\"alignleft size-medium wp-image-1251\" title=\"D\" src=\"http:\/\/www.sindsaudeba.org.br\/novo\/wp-content\/uploads\/2013\/05\/ponto-eletronico4-300x255.jpg\" alt=\"\" width=\"300\" height=\"255\" \/><\/a>Al\u00e9m da diretoria do sindicato, participaram da reuni\u00e3o, os representantes de RH e superintendentes da Sesab e Saeb.<span>\u00a0 <\/span>O Sindsa\u00fade ressalta que est\u00e1 mantida a decis\u00e3o tomada pela categoria em assembleia geral realizada no dia 25 de abril, de <strong><span style=\"font-weight: normal\">manuten\u00e7\u00e3o do atual sistema de registro de ponto, at\u00e9 que a Instru\u00e7\u00e3o Normativa seja discutida e modificada evitando preju\u00edzos para o servidor e para a assist\u00eancia. O sindicato dever\u00e1 convocar uma nova assembleia, at\u00e9 a primeira quinzena de junho, para informar a categoria os avan\u00e7os da discuss\u00e3o da Instru\u00e7\u00e3o Normativa com o governo estadual.<span>\u00a0 <\/span><\/span><\/strong><\/p>\n<p class=\"MsoNormal\" style=\"text-align: justify;line-height: 150%\">Entre os pontos que ser\u00e3o questionados pelo sindicato est\u00e1 a situa\u00e7\u00e3o das unidades com carga hor\u00e1ria de atendimento diferenciada. Outros pontos divergentes da instru\u00e7\u00e3o dizem respeito \u00e0 garantia de acompanhamento do relat\u00f3rio di\u00e1rio e a computa\u00e7\u00e3o das horas extras.<\/p>\n","protected":false},"excerpt":{"rendered":"<p>Normal 0 21 false false false MicrosoftInternetExplorer4 \/* Style Definitions *\/ table.MsoNormalTable {mso-style-name:&#8221;Tabela normal&#8221;; mso-tstyle-rowband-size:0; mso-tstyle-colband-size:0; mso-style-noshow:yes; mso-style-parent:&#8221;&#8221;; mso-padding-alt:0cm 5.4pt 0cm 5.4pt; mso-para-margin:0cm; mso-para-margin-bottom:.0001pt; mso-pagination:widow-orphan; font-size:10.0pt; font-family:&#8221;Times New Roman&#8221;; mso-ansi-language:#0400; mso-fareast-language:#0400; mso-bidi-language:#0400;} Uma comiss\u00e3o formada pelo Sindsa\u00fade-Ba, Saeb e Sesab, para discuss\u00e3o e avalia\u00e7\u00e3o da&#8230;<\/p>\n","protected":false},"author":2,"featured_media":1250,"comment_status":"open","ping_status":"open","sticky":false,"template":"","format":"standard","meta":[],"categories":[11],"tags":[],"amp_validity":null,"amp_enabled":true,"_links":{"self":[{"href":"https:\/\/sindsaudeba.org.br\/portal\/wp-json\/wp\/v2\/posts\/1249"}],"collection":[{"href":"https:\/\/sindsaudeba.org.br\/portal\/wp-json\/wp\/v2\/posts"}],"about":[{"href":"https:\/\/sindsaudeba.org.br\/portal\/wp-json\/wp\/v2\/types\/post"}],"author":[{"embeddable":true,"href":"https:\/\/sindsaudeba.org.br\/portal\/wp-json\/wp\/v2\/users\/2"}],"replies":[{"embeddable":true,"href":"https:\/\/sindsaudeba.org.br\/portal\/wp-json\/wp\/v2\/comments?post=1249"}],"version-history":[{"count":1,"href":"https:\/\/sindsaudeba.org.br\/portal\/wp-json\/wp\/v2\/posts\/1249\/revisions"}],"predecessor-version":[{"id":14518,"href":"https:\/\/sindsaudeba.org.br\/portal\/wp-json\/wp\/v2\/posts\/1249\/revisions\/14518"}],"wp:featuredmedia":[{"embeddable":true,"href":"https:\/\/sindsaudeba.org.br\/portal\/wp-json\/wp\/v2\/media\/1250"}],"wp:attachment":[{"href":"https:\/\/sindsaudeba.org.br\/portal\/wp-json\/wp\/v2\/media?parent=1249"}],"wp:term":[{"taxonomy":"category","embeddable":true,"href":"https:\/\/sindsaudeba.org.br\/portal\/wp-json\/wp\/v2\/categories?post=1249"},{"taxonomy":"post_tag","embeddable":true,"href":"https:\/\/sindsaudeba.org.br\/portal\/wp-json\/wp\/v2\/tags?post=1249"}],"curies":[{"name":"wp","href":"https:\/\/api.w.org\/{rel}","templated":true}]}}