{"id":1244,"date":"2013-05-24T11:49:37","date_gmt":"2013-05-24T14:49:37","guid":{"rendered":"http:\/\/www.sindsaudeba.org.br\/novo\/?p=1244"},"modified":"2019-12-13T17:59:32","modified_gmt":"2019-12-13T20:59:32","slug":"sindsaude-e-prefeitura-de-mucuge-discutem-elaboracao-de-pccv-na-regiao","status":"publish","type":"post","link":"https:\/\/sindsaudeba.org.br\/portal\/blog\/sindsaude-e-prefeitura-de-mucuge-discutem-elaboracao-de-pccv-na-regiao\/","title":{"rendered":"Sindsa\u00fade e prefeitura de Mucug\u00ea discutem elabora\u00e7\u00e3o de PCCV da regi\u00e3o"},"content":{"rendered":"<p><!--[if gte mso 9]&gt;--><\/p>\n<p>Normal<br \/>\n0<br \/>\n21<\/p>\n<p>false<br \/>\nfalse<br \/>\nfalse<\/p>\n<p>MicrosoftInternetExplorer4<\/p>\n<p><!--[if gte mso 9]&gt;--><\/p>\n<p><!--[if gte mso 10]&gt;--><\/p>\n<p> \/* Style Definitions *\/<br \/>\n table.MsoNormalTable<br \/>\n\t{mso-style-name:&#8221;Tabela normal&#8221;;<br \/>\n\tmso-tstyle-rowband-size:0;<br \/>\n\tmso-tstyle-colband-size:0;<br \/>\n\tmso-style-noshow:yes;<br \/>\n\tmso-style-parent:&#8221;&#8221;;<br \/>\n\tmso-padding-alt:0cm 5.4pt 0cm 5.4pt;<br \/>\n\tmso-para-margin:0cm;<br \/>\n\tmso-para-margin-bottom:.0001pt;<br \/>\n\tmso-pagination:widow-orphan;<br \/>\n\tfont-size:10.0pt;<br \/>\n\tfont-family:&#8221;Times New Roman&#8221;;<br \/>\n\tmso-ansi-language:#0400;<br \/>\n\tmso-fareast-language:#0400;<br \/>\n\tmso-bidi-language:#0400;}<\/p>\n<p class=\"MsoNormal\" style=\"text-align: justify;line-height: 150%\"><a href=\"http:\/\/www.sindsaudeba.org.br\/novo\/wp-content\/uploads\/2013\/05\/reuniao.mucug\u00ea1.jpg\"><img loading=\"lazy\" class=\"alignleft size-medium wp-image-1246\" title=\"reuniao.mucug\u00ea\" src=\"http:\/\/www.sindsaudeba.org.br\/novo\/wp-content\/uploads\/2013\/05\/reuniao.mucug\u00ea1-300x225.jpg\" alt=\"\" width=\"300\" height=\"225\" \/><\/a>O Sindsa\u00fade-Ba se reuniu com a prefeita de Mucug\u00ea, Ana Ol\u00edmpia Medrado, para discutir a elabora\u00e7\u00e3o do PCCV dos servidores da sa\u00fade do munic\u00edpio. A reuni\u00e3o aconteceu na \u00faltima quinta-feira (23\/5), no escrit\u00f3rio de jur\u00eddico da cidade, instalado no bairro do Com\u00e9rcio, em Salvador.<\/p>\n<p class=\"MsoNormal\" style=\"text-align: justify;line-height: 150%\">Participaram do encontro a diretora do Sindsa\u00fade, Ivanilda Brito e os representantes do sindicato em Mucug\u00ea, Marcelo profeta, Francisco Silva e Noelma Silva, al\u00e9m da secret\u00e1ria de sa\u00fade da regi\u00e3o, Silvana Medrado e representantes jur\u00eddicos.<\/p>\n<p class=\"MsoNormal\" style=\"text-align: justify;line-height: 150%\">Ap\u00f3s a discuss\u00e3o da pauta, a prefeita ressaltou o seu compromisso em elaborar a minuta do Projeto de Lei do PCCV com o objetivo de garantir os direitos dos trabalhadores da sa\u00fade. A prefeita prometeu ainda agendar nova reuni\u00e3o na sede da prefeitura de Mucug\u00ea para viabilizar novo debate para conclus\u00e3o do documento.<span>\u00a0\u00a0 <\/span><\/p>\n","protected":false},"excerpt":{"rendered":"<p>Normal 0 21 false false false MicrosoftInternetExplorer4 \/* Style Definitions *\/ table.MsoNormalTable {mso-style-name:&#8221;Tabela normal&#8221;; mso-tstyle-rowband-size:0; mso-tstyle-colband-size:0; mso-style-noshow:yes; mso-style-parent:&#8221;&#8221;; mso-padding-alt:0cm 5.4pt 0cm 5.4pt; mso-para-margin:0cm; mso-para-margin-bottom:.0001pt; mso-pagination:widow-orphan; font-size:10.0pt; font-family:&#8221;Times New Roman&#8221;; mso-ansi-language:#0400; mso-fareast-language:#0400; mso-bidi-language:#0400;} O Sindsa\u00fade-Ba se reuniu com a prefeita de Mucug\u00ea, Ana Ol\u00edmpia Medrado, para&#8230;<\/p>\n","protected":false},"author":2,"featured_media":1245,"comment_status":"open","ping_status":"open","sticky":false,"template":"","format":"standard","meta":[],"categories":[8],"tags":[],"amp_validity":null,"amp_enabled":true,"_links":{"self":[{"href":"https:\/\/sindsaudeba.org.br\/portal\/wp-json\/wp\/v2\/posts\/1244"}],"collection":[{"href":"https:\/\/sindsaudeba.org.br\/portal\/wp-json\/wp\/v2\/posts"}],"about":[{"href":"https:\/\/sindsaudeba.org.br\/portal\/wp-json\/wp\/v2\/types\/post"}],"author":[{"embeddable":true,"href":"https:\/\/sindsaudeba.org.br\/portal\/wp-json\/wp\/v2\/users\/2"}],"replies":[{"embeddable":true,"href":"https:\/\/sindsaudeba.org.br\/portal\/wp-json\/wp\/v2\/comments?post=1244"}],"version-history":[{"count":1,"href":"https:\/\/sindsaudeba.org.br\/portal\/wp-json\/wp\/v2\/posts\/1244\/revisions"}],"predecessor-version":[{"id":14519,"href":"https:\/\/sindsaudeba.org.br\/portal\/wp-json\/wp\/v2\/posts\/1244\/revisions\/14519"}],"wp:featuredmedia":[{"embeddable":true,"href":"https:\/\/sindsaudeba.org.br\/portal\/wp-json\/wp\/v2\/media\/1245"}],"wp:attachment":[{"href":"https:\/\/sindsaudeba.org.br\/portal\/wp-json\/wp\/v2\/media?parent=1244"}],"wp:term":[{"taxonomy":"category","embeddable":true,"href":"https:\/\/sindsaudeba.org.br\/portal\/wp-json\/wp\/v2\/categories?post=1244"},{"taxonomy":"post_tag","embeddable":true,"href":"https:\/\/sindsaudeba.org.br\/portal\/wp-json\/wp\/v2\/tags?post=1244"}],"curies":[{"name":"wp","href":"https:\/\/api.w.org\/{rel}","templated":true}]}}