{"id":1221,"date":"2013-05-20T12:59:41","date_gmt":"2013-05-20T15:59:41","guid":{"rendered":"http:\/\/www.sindsaudeba.org.br\/novo\/?p=1221"},"modified":"2019-12-13T18:00:25","modified_gmt":"2019-12-13T21:00:25","slug":"sindsaude-contesta-comunicado-da-sesab-sobre-obrigatoriedade-do-ponto-eletronico","status":"publish","type":"post","link":"https:\/\/sindsaudeba.org.br\/portal\/blog\/sindsaude-contesta-comunicado-da-sesab-sobre-obrigatoriedade-do-ponto-eletronico\/","title":{"rendered":"Sindsa\u00fade contesta comunicado da Sesab  sobre obrigatoriedade do ponto eletr\u00f4nico"},"content":{"rendered":"<p><!--[if gte mso 9]&gt;--><\/p>\n<p>  Normal<br \/>\n  0<br \/>\n  21<\/p>\n<p>  false<br \/>\n  false<br \/>\n  false<\/p>\n<p>  MicrosoftInternetExplorer4<\/p>\n<p><!--[if gte mso 9]&gt;--><\/p>\n<p><!--[if gte mso 10]&gt;--><\/p>\n<p> \/* Style Definitions *\/<br \/>\n table.MsoNormalTable<br \/>\n\t{mso-style-name:&#8221;Tabela normal&#8221;;<br \/>\n\tmso-tstyle-rowband-size:0;<br \/>\n\tmso-tstyle-colband-size:0;<br \/>\n\tmso-style-noshow:yes;<br \/>\n\tmso-style-parent:&#8221;&#8221;;<br \/>\n\tmso-padding-alt:0cm 5.4pt 0cm 5.4pt;<br \/>\n\tmso-para-margin:0cm;<br \/>\n\tmso-para-margin-bottom:.0001pt;<br \/>\n\tmso-pagination:widow-orphan;<br \/>\n\tfont-size:10.0pt;<br \/>\n\tfont-family:&#8221;Times New Roman&#8221;;<br \/>\n\tmso-ansi-language:#0400;<br \/>\n\tmso-fareast-language:#0400;<br \/>\n\tmso-bidi-language:#0400;}<\/p>\n<p class=\"ecxmsonormal\" style=\"text-align: justify;line-height: 150%\"><a href=\"http:\/\/www.sindsaudeba.org.br\/novo\/wp-content\/uploads\/2013\/05\/ponto-eletronico1.jpg\"><img loading=\"lazy\" class=\"alignleft size-medium wp-image-1222\" title=\"D\" src=\"http:\/\/www.sindsaudeba.org.br\/novo\/wp-content\/uploads\/2013\/05\/ponto-eletronico1-300x255.jpg\" alt=\"\" width=\"300\" height=\"255\" \/><\/a>O Sindsa\u00fade-Ba e os servidores da Sesab foram surpreendidos com o comunicado do secret\u00e1rio Jorge Solla para as unidades de sa\u00fade, sobre a finaliza\u00e7\u00e3o da implanta\u00e7\u00e3o do sistema de ponto eletr\u00f4nico biom\u00e9trico e a obrigatoriedade do mesmo. No documento, datado do dia 10 de maio, a Sesab afirma que a migra\u00e7\u00e3o da freq\u00fc\u00eancia manual para a eletr\u00f4nica se deu ap\u00f3s ampla divulga\u00e7\u00e3o e di\u00e1logos frequentes com lideran\u00e7as trabalhistas e servidores, o <strong>que n\u00e3o ocorreu.<\/strong><\/p>\n<p class=\"ecxmsonormal\" style=\"text-align: justify;line-height: 150%\">O sindicato esclarece que foram encaminhados diversos of\u00edcios solicitando a presen\u00e7a de representantes da Sesab e Saeb nos hospitais para esclarecer os questionamentos dos servidores e de gestores locais sobre a instru\u00e7\u00e3o normativa, mas a discuss\u00e3o ocorreu apenas no Hospital Geral Roberto Santos, no dia 5 de fevereiro, de maneira insatisfat\u00f3ria, pois as d\u00favidas permaneceram, fazendo com que os servidores rejeitassem a proposta de regulamento do sistema de ponto apresentado pelo governo. Em seguida, o Sindsa\u00fade realizou reuni\u00f5es em todas as unidades de Sa\u00fade e em assembleia geral realizada no dia 25 de abril, a categoria decidiu, por unanimidade, pela <strong>manuten\u00e7\u00e3o do atual sistema de registro de ponto, at\u00e9 que a Instru\u00e7\u00e3o Normativa seja discutida e modificada evitando preju\u00edzos para o servidor e para a assist\u00eancia<\/strong><\/p>\n<p class=\"ecxmsonormal\" style=\"text-align: justify;line-height: 150%\">O sindicato estranha ainda a atitude da dire\u00e7\u00e3o da Sesab, considerando que em reuni\u00e3o ocorrida no \u00faltimo dia 9 de maio, entre a diretoria do Sindsa\u00fade e o secret\u00e1rio da administra\u00e7\u00e3o, Manoel Vit\u00f3rio, o mesmo determinou que o superintendente de Recursos Humanos da Saeb, Adriano Tambone, <strong>agendasse, em conjunto com a Sesab, uma nova reuni\u00e3o para discuss\u00e3o ponto a ponto da instru\u00e7\u00e3o <\/strong>normativa, com vistas a uma proposta que contemplasse a solu\u00e7\u00e3o dos problemas identificados pelos servidores<strong>.<\/strong><\/p>\n<p class=\"ecxmsonormal\" style=\"text-align: justify;line-height: 150%\">A posi\u00e7\u00e3o adotada pelos servidores e sustentada pelo Sindsa\u00fade \u00e9 a seguinte: n\u00e3o somos contra o registro de frequ\u00eancia (as unidades j\u00e1 praticam, inclusive). Questionamos e <a name=\"_GoBack\"><\/a>discordamos de v\u00e1rios pontos da Instru\u00e7\u00e3o Normativa a exemplo da institui\u00e7\u00e3o de \u201cbanco de horas\u201d, sistema rejeitado por todo o movimento sindical; exist\u00eancia de distintos arranjos de escala e carga hor\u00e1ria para compatibilizar a escassez de profissionais e necessidade da assist\u00eancia; falta de crit\u00e9rios para computa\u00e7\u00e3o de carga hor\u00e1ria no caso de servidores cuja natureza do trabalho exige realiza\u00e7\u00e3o de viagens, entre outros. Al\u00e9m de tudo isso, o sistema somente ser\u00e1 aceito se for aplicado a <strong>todas<\/strong> as categorias profissionais, considerando que todos s\u00e3o servidores da SESAB, sujeitos \u00e0s mesmas obriga\u00e7\u00f5es estatut\u00e1rias.<\/p>\n<p class=\"ecxmsonormal\" style=\"text-align: justify;line-height: 150%\">Ap\u00f3s a emiss\u00e3o do comunicado, o sindicato tem registrado manifesta\u00e7\u00e3o de centenas de servidores da capital e interior com d\u00favidas e grande insatisfa\u00e7\u00e3o em rela\u00e7\u00e3o ao novo sistema de ponto. Por isso, o Sindsa\u00fade-Ba <strong>conclama<\/strong> a todos os colegas para manter a decis\u00e3o tomada <strong>coletivamente<\/strong> na assembl\u00e9ia<strong>: <\/strong><\/p>\n<p class=\"ecxmsonormal\" style=\"text-align: justify;line-height: 150%\"><strong>ENQUANTO N\u00c3O HOUVER DISCUSS\u00c3O COM OS SERVIDORES E MUDAN\u00c7AS NA INSTRU\u00c7\u00c3O NORMATIVA, OS SERVIDORES N\u00c3O FAR\u00c3O O REGISTRO DE PONTO ELETR\u00d4NICO, MANTENDO O SISTEMA ATUAL EXISTENTE NAS UNIDADES.<\/strong><\/p>\n<p class=\"ecxmsonormal\" style=\"text-align: justify;line-height: 150%\">O Sindsa\u00fade encaminhou novo of\u00edcio para os secret\u00e1rios da Sesab e Saeb, reiterando o pedido de reabertura de di\u00e1logo, em car\u00e1ter de urg\u00eancia, sobre os questionamentos e mudan\u00e7as da instru\u00e7\u00e3o normativa do sistema de ponto eletr\u00f4nico.<\/p>\n","protected":false},"excerpt":{"rendered":"<p>Normal 0 21 false false false MicrosoftInternetExplorer4 \/* Style Definitions *\/ table.MsoNormalTable {mso-style-name:&#8221;Tabela normal&#8221;; mso-tstyle-rowband-size:0; mso-tstyle-colband-size:0; mso-style-noshow:yes; mso-style-parent:&#8221;&#8221;; mso-padding-alt:0cm 5.4pt 0cm 5.4pt; mso-para-margin:0cm; mso-para-margin-bottom:.0001pt; mso-pagination:widow-orphan; font-size:10.0pt; font-family:&#8221;Times New Roman&#8221;; mso-ansi-language:#0400; mso-fareast-language:#0400; mso-bidi-language:#0400;} O Sindsa\u00fade-Ba e os servidores da Sesab foram surpreendidos com o comunicado do&#8230;<\/p>\n","protected":false},"author":2,"featured_media":1223,"comment_status":"open","ping_status":"open","sticky":false,"template":"","format":"standard","meta":[],"categories":[11],"tags":[],"amp_validity":null,"amp_enabled":true,"_links":{"self":[{"href":"https:\/\/sindsaudeba.org.br\/portal\/wp-json\/wp\/v2\/posts\/1221"}],"collection":[{"href":"https:\/\/sindsaudeba.org.br\/portal\/wp-json\/wp\/v2\/posts"}],"about":[{"href":"https:\/\/sindsaudeba.org.br\/portal\/wp-json\/wp\/v2\/types\/post"}],"author":[{"embeddable":true,"href":"https:\/\/sindsaudeba.org.br\/portal\/wp-json\/wp\/v2\/users\/2"}],"replies":[{"embeddable":true,"href":"https:\/\/sindsaudeba.org.br\/portal\/wp-json\/wp\/v2\/comments?post=1221"}],"version-history":[{"count":1,"href":"https:\/\/sindsaudeba.org.br\/portal\/wp-json\/wp\/v2\/posts\/1221\/revisions"}],"predecessor-version":[{"id":14523,"href":"https:\/\/sindsaudeba.org.br\/portal\/wp-json\/wp\/v2\/posts\/1221\/revisions\/14523"}],"wp:featuredmedia":[{"embeddable":true,"href":"https:\/\/sindsaudeba.org.br\/portal\/wp-json\/wp\/v2\/media\/1223"}],"wp:attachment":[{"href":"https:\/\/sindsaudeba.org.br\/portal\/wp-json\/wp\/v2\/media?parent=1221"}],"wp:term":[{"taxonomy":"category","embeddable":true,"href":"https:\/\/sindsaudeba.org.br\/portal\/wp-json\/wp\/v2\/categories?post=1221"},{"taxonomy":"post_tag","embeddable":true,"href":"https:\/\/sindsaudeba.org.br\/portal\/wp-json\/wp\/v2\/tags?post=1221"}],"curies":[{"name":"wp","href":"https:\/\/api.w.org\/{rel}","templated":true}]}}