{"id":1197,"date":"2013-05-16T11:01:27","date_gmt":"2013-05-16T14:01:27","guid":{"rendered":"http:\/\/www.sindsaudeba.org.br\/novo\/?p=1197"},"modified":"2019-12-13T18:00:25","modified_gmt":"2019-12-13T21:00:25","slug":"seminario-contra-a-exploracao-do-trabalho-marca-as-comemoracoes-pelo-dia-doa-assistente-social","status":"publish","type":"post","link":"https:\/\/sindsaudeba.org.br\/portal\/blog\/seminario-contra-a-exploracao-do-trabalho-marca-as-comemoracoes-pelo-dia-doa-assistente-social\/","title":{"rendered":"Semin\u00e1rio contra a explora\u00e7\u00e3o do trabalho marca as comemora\u00e7\u00f5es pelo Dia  do(a) Assistente Social"},"content":{"rendered":"<p><a href=\"http:\/\/www.sindsaudeba.org.br\/novo\/wp-content\/uploads\/2013\/05\/cartazJPEG_DIA-AS-201321.jpeg\"><img loading=\"lazy\" class=\"alignleft size-medium wp-image-1201\" title=\"cartazJPEG_DIA-AS-20132\" src=\"http:\/\/www.sindsaudeba.org.br\/novo\/wp-content\/uploads\/2013\/05\/cartazJPEG_DIA-AS-201321-300x201.jpeg\" alt=\"\" width=\"300\" height=\"201\" \/><\/a>Dando continuidade \u00e0s comemora\u00e7\u00f5es pelo Dia do (a) Assistente Social, celebrado no dia 15 de maio, o CRESS Ba \u2013 5\u00aa Regi\u00e3o realiza nesta quinta e sexta (16 e 17) o semin\u00e1rio \u201cServi\u00e7o Social na Luta contra a explora\u00e7\u00e3o do trabalho\u201d, no Hotel Sol Bahia Patamares, em Salvador.<br \/>\nO evento tamb\u00e9m integra as celebra\u00e7\u00f5es pelos 50 anos do CRESS Ba, que realizou uma programa\u00e7\u00e3o especial em 10 cidades baianas durante o m\u00eas de maio. As atividades t\u00eam o objetivo de lembrar as conquistas e desafios \u00e9ticos, pol\u00edticos e profissionais da (o) assistente social, buscando reafirmar os princ\u00edpios e valores legitimados pela categoria atrav\u00e9s de ricos debates e a articula\u00e7\u00e3o do servi\u00e7o social com os movimentos sociais da Bahia, na luta contra a explora\u00e7\u00e3o do trabalho.<br \/>\nEste ano, o CRESS BA tamb\u00e9m apresentar\u00e1 a Carta dos (as) Assistentes Sociais da Bahia, encaminhando as reivindica\u00e7\u00f5es por condi\u00e7\u00f5es \u00e9ticas e t\u00e9cnicas de trabalho aos poderes p\u00fablicos no \u00e2mbito do estado. O documento ser\u00e1 assinado por todos os profissionais participantes dos eventos.<\/p>\n","protected":false},"excerpt":{"rendered":"<p>Dando continuidade \u00e0s comemora\u00e7\u00f5es pelo Dia do (a) Assistente Social, celebrado no dia 15 de maio, o CRESS Ba \u2013 5\u00aa Regi\u00e3o realiza nesta quinta e sexta (16 e 17) o semin\u00e1rio \u201cServi\u00e7o Social na Luta contra a explora\u00e7\u00e3o do trabalho\u201d, no Hotel Sol Bahia&#8230;<\/p>\n","protected":false},"author":2,"featured_media":1199,"comment_status":"open","ping_status":"open","sticky":false,"template":"","format":"standard","meta":[],"categories":[11],"tags":[],"amp_validity":null,"amp_enabled":true,"_links":{"self":[{"href":"https:\/\/sindsaudeba.org.br\/portal\/wp-json\/wp\/v2\/posts\/1197"}],"collection":[{"href":"https:\/\/sindsaudeba.org.br\/portal\/wp-json\/wp\/v2\/posts"}],"about":[{"href":"https:\/\/sindsaudeba.org.br\/portal\/wp-json\/wp\/v2\/types\/post"}],"author":[{"embeddable":true,"href":"https:\/\/sindsaudeba.org.br\/portal\/wp-json\/wp\/v2\/users\/2"}],"replies":[{"embeddable":true,"href":"https:\/\/sindsaudeba.org.br\/portal\/wp-json\/wp\/v2\/comments?post=1197"}],"version-history":[{"count":1,"href":"https:\/\/sindsaudeba.org.br\/portal\/wp-json\/wp\/v2\/posts\/1197\/revisions"}],"predecessor-version":[{"id":14525,"href":"https:\/\/sindsaudeba.org.br\/portal\/wp-json\/wp\/v2\/posts\/1197\/revisions\/14525"}],"wp:featuredmedia":[{"embeddable":true,"href":"https:\/\/sindsaudeba.org.br\/portal\/wp-json\/wp\/v2\/media\/1199"}],"wp:attachment":[{"href":"https:\/\/sindsaudeba.org.br\/portal\/wp-json\/wp\/v2\/media?parent=1197"}],"wp:term":[{"taxonomy":"category","embeddable":true,"href":"https:\/\/sindsaudeba.org.br\/portal\/wp-json\/wp\/v2\/categories?post=1197"},{"taxonomy":"post_tag","embeddable":true,"href":"https:\/\/sindsaudeba.org.br\/portal\/wp-json\/wp\/v2\/tags?post=1197"}],"curies":[{"name":"wp","href":"https:\/\/api.w.org\/{rel}","templated":true}]}}