{"id":11870,"date":"2019-09-30T11:26:10","date_gmt":"2019-09-30T14:26:10","guid":{"rendered":"http:\/\/www.sindsaudeba.org.br\/novo\/?p=11870"},"modified":"2019-12-13T17:41:16","modified_gmt":"2019-12-13T20:41:16","slug":"sindsaudeba-participa-do-seminario-de-saude-do-trabalhador","status":"publish","type":"post","link":"https:\/\/sindsaudeba.org.br\/portal\/blog\/sindsaudeba-participa-do-seminario-de-saude-do-trabalhador\/","title":{"rendered":"Sindsa\u00fadeBa participa do Semin\u00e1rio de Sa\u00fade do Trabalhador"},"content":{"rendered":"<p><a href=\"http:\/\/www.sindsaudeba.org.br\/novo\/wp-content\/uploads\/2019\/09\/WhatsApp-Image-2019-09-30-at-11.08.21-8.jpeg\"><img loading=\"lazy\" class=\"alignleft size-medium wp-image-11871\" src=\"http:\/\/www.sindsaudeba.org.br\/novo\/wp-content\/uploads\/2019\/09\/WhatsApp-Image-2019-09-30-at-11.08.21-8-300x169.jpeg\" alt=\"\" width=\"300\" height=\"169\" \/><\/a>As Centrais Sindicais promoveram na \u00faltima sexta-feira (27), no audit\u00f3rio do Sindipetro, o Semin\u00e1rio de Sa\u00fade do Trabalhador(a) debateram a defesa de centros de aten\u00e7\u00e3o de sa\u00fade do trabalhador e as pol\u00edticas p\u00fablicas nacionais voltadas para os servidores p\u00fablicos e a popula\u00e7\u00e3o, assim como, o papel do governo na defesa do CESAT\/DIVAST.<br \/>\nA iniciativa \u00e9 uma resposta do movimento sindical e entidades que cuidam da sa\u00fade do trabalhador que est\u00e3o na luta para que n\u00e3o seja vendido o pr\u00e9dio sede da Diretoria de Vigil\u00e2ncia e Aten\u00e7\u00e3o \u00e0 Sa\u00fade do Trabalhador (DIVAST)\/Centro Estadual de Refer\u00eancia em Sa\u00fade do Trabalhador (CESAT), h\u00e1 30 anos \u00e9 refer\u00eancia nacional na aten\u00e7\u00e3o integral \u00e0 sa\u00fade do trabalhador do SUS na Bahia.<br \/>\nO semin\u00e1rio amadureceu as propostas tiradas em v\u00e1rios debates anteriores e propostas de a\u00e7\u00f5es para al\u00e9m de combater a venda da sede, lutar para que o governo invista no centro de refer\u00eancia no tratamento no cuidado da sa\u00fade do (a) trabalhador (a), na preven\u00e7\u00e3o de doen\u00e7as ocupacionais e acidentes de trabalho, como tamb\u00e9m empregar mais assist\u00eancia aos profissionais e em novas tecnologias de seguran\u00e7a do trabalho.<br \/>\nA reuni\u00e3o contou com a participa\u00e7\u00e3o: Sindsa\u00fadeBa, CTBBa, UFBA, CUT Bahia, Sinttel, Sindipetro; Sinposba; do Sindom\u00e9stico; SINPOSBA, Sindicato dos Metal\u00fargicos; representantes dos partidos de esquerda PT; Psol; PcdoB; representante da deputada estadual F\u00e1tima Nunes; deputado estadual Hilton Coelho; a sanitarista Adriana Rabelo; a sanitarista Ana Carina Dunham; a m\u00e9dica do trabalho, Eliane Cardozo Sales; sanitarista Milene Wasconcellos; representante do Conselho Estadual de Sa\u00fade da Bahia entre outros.<br \/>\n<a href=\"http:\/\/www.sindsaudeba.org.br\/novo\/wp-content\/uploads\/2019\/09\/WhatsApp-Image-2019-09-27-at-10.50.46.jpeg\"><img loading=\"lazy\" class=\"size-medium wp-image-11872 aligncenter\" src=\"http:\/\/www.sindsaudeba.org.br\/novo\/wp-content\/uploads\/2019\/09\/WhatsApp-Image-2019-09-27-at-10.50.46-300x169.jpeg\" alt=\"\" width=\"300\" height=\"169\" \/><\/a><br \/>\nO encontro possibilitou uma reflex\u00e3o sobre o papel dos movimentos sindicais nas lutas pelo n\u00e3o retrocesso dos direitos sociais, \u201ch\u00e1 uma descentraliza\u00e7\u00e3o da pol\u00edtica de sa\u00fade do trabalhador na Bahia no Brasil, a nova organiza\u00e7\u00e3o do trabalho, o adoecimento mental, enfrentamento do momento atual da sa\u00fade do trabalhador na Bahia, doen\u00e7as do trabalho, an\u00e1lise da sa\u00fade do trabalhador nos \u00faltimos 10 anos e \u00edndices de acidentes de trabalho, al\u00e9m de quererem denegrir a imagem dos servidores p\u00fablicos do Estado\u201d, pontuou a vice presidente, Tereza Deir\u00f3.<br \/>\n\u201cTemos que avan\u00e7ar fazendo nosso papel na defesa da classe trabalhadora e o trabalho que a DIVAST\/CESAT desenvolve \u00e9 muito importante para a sa\u00fade do trabalhador n\u00e3o podemos deixar que o Governo do Estado venda o pr\u00e9dio e n\u00e3o invista nos servi\u00e7os p\u00fablicos adequados, n\u00f3s do Sindsa\u00fadeBa, al\u00e9m de defender nossos servidores p\u00fablicos queremos e vamos defender nossos direitos e o CESAT\u201d, pontuou a presidente Ivanilda Brito.<br \/>\n\u201cVamos fazer uma for\u00e7a tarefa para n\u00e3o permitir o desmonte de um local que \u00e9 refer\u00eancia no assunto. Reunir entidades, sindicatos e trabalhadores que passaram por atendimento no centro refer\u00eancia na sa\u00fade do trabalhador para lutarmos juntos\u201d, afirma a vice presidente sindsa\u00fadeBa, Tereza Deir\u00f3.<br \/>\nDurante o encerramento da atividade, em decis\u00e3o das centrais foi afirmado atrav\u00e9s do comprometimento dos participantes a luta efetiva para que o pr\u00e9dio do DIVAST\/ CESAT n\u00e3o seja vendido, pois o que foi doado n\u00e3o deve ser \u00a0comercializado pelo poder p\u00fablico visando somente o capital em detrimento ao social. Tamb\u00e9m ficou estabelecido o encaminhamento de uma nova reuni\u00e3o do coletivo na pr\u00f3xima sexta-feira (4), \u00e0s 9h, na sede de uma das centrais, a ser divulgada,\u00a0 para a elabora\u00e7\u00e3o da constru\u00e7\u00e3o estrat\u00e9gias mais abrangente sobre a defesa de centros e entidades que tratam a sa\u00fade do trabalhador (a).<br \/>\n#sindsaude #sindsaudeba #30anosSindsaude<br \/>\n&#8211; Sindsa\u00fade informa:<br \/>\nAcesse nossas redes sociais<br \/>\n&#x2705;FACEBOOK SINDSA\u00daDE-BA<br \/>\n&#x2705;INSTAGRAM SINDSA\u00daDE-BA<br \/>\n&#x2705;TWITTER SINDSA\u00daDE-BA<br \/>\n&#x2705;YOUTUBE SINDSA\u00daDE-BA<br \/>\n&nbsp;<br \/>\n&nbsp;<\/p>\n","protected":false},"excerpt":{"rendered":"<p>As Centrais Sindicais promoveram na \u00faltima sexta-feira (27), no audit\u00f3rio do Sindipetro, o Semin\u00e1rio de Sa\u00fade do Trabalhador(a) debateram a defesa de centros de aten\u00e7\u00e3o de sa\u00fade do trabalhador e as pol\u00edticas p\u00fablicas nacionais voltadas para os servidores p\u00fablicos e a popula\u00e7\u00e3o, assim como, o&#8230;<\/p>\n","protected":false},"author":2,"featured_media":11871,"comment_status":"closed","ping_status":"open","sticky":false,"template":"","format":"standard","meta":[],"categories":[11,6,9],"tags":[],"amp_validity":null,"amp_enabled":true,"_links":{"self":[{"href":"https:\/\/sindsaudeba.org.br\/portal\/wp-json\/wp\/v2\/posts\/11870"}],"collection":[{"href":"https:\/\/sindsaudeba.org.br\/portal\/wp-json\/wp\/v2\/posts"}],"about":[{"href":"https:\/\/sindsaudeba.org.br\/portal\/wp-json\/wp\/v2\/types\/post"}],"author":[{"embeddable":true,"href":"https:\/\/sindsaudeba.org.br\/portal\/wp-json\/wp\/v2\/users\/2"}],"replies":[{"embeddable":true,"href":"https:\/\/sindsaudeba.org.br\/portal\/wp-json\/wp\/v2\/comments?post=11870"}],"version-history":[{"count":1,"href":"https:\/\/sindsaudeba.org.br\/portal\/wp-json\/wp\/v2\/posts\/11870\/revisions"}],"predecessor-version":[{"id":13087,"href":"https:\/\/sindsaudeba.org.br\/portal\/wp-json\/wp\/v2\/posts\/11870\/revisions\/13087"}],"wp:featuredmedia":[{"embeddable":true,"href":"https:\/\/sindsaudeba.org.br\/portal\/wp-json\/wp\/v2\/media\/11871"}],"wp:attachment":[{"href":"https:\/\/sindsaudeba.org.br\/portal\/wp-json\/wp\/v2\/media?parent=11870"}],"wp:term":[{"taxonomy":"category","embeddable":true,"href":"https:\/\/sindsaudeba.org.br\/portal\/wp-json\/wp\/v2\/categories?post=11870"},{"taxonomy":"post_tag","embeddable":true,"href":"https:\/\/sindsaudeba.org.br\/portal\/wp-json\/wp\/v2\/tags?post=11870"}],"curies":[{"name":"wp","href":"https:\/\/api.w.org\/{rel}","templated":true}]}}