{"id":11867,"date":"2019-09-25T20:12:41","date_gmt":"2019-09-25T23:12:41","guid":{"rendered":"http:\/\/www.sindsaudeba.org.br\/novo\/?p=11867"},"modified":"2019-12-13T17:41:16","modified_gmt":"2019-12-13T20:41:16","slug":"reajuste-saira-na-folha-de-outubro","status":"publish","type":"post","link":"https:\/\/sindsaudeba.org.br\/portal\/blog\/reajuste-saira-na-folha-de-outubro\/","title":{"rendered":"Reajuste sair\u00e1 na folha de Outubro."},"content":{"rendered":"<p>Uma novela. Assim foi a luta do Sindsa\u00fadeBa e entidades sindicais que representam os funcion\u00e1rios p\u00fablicos da Bahia, at\u00e9 o dia 02 de agosto, quando o governador Rui Costa assinou um acordo de reestrutura\u00e7\u00e3o da tabela de vencimento dos auxiliares e t\u00e9cnicos administrativos que t\u00eam vencimentos b\u00e1sicos abaixo do sal\u00e1rio m\u00ednimo.<br \/>\nAp\u00f3s uma outra luta realizada pela dire\u00e7\u00e3o do Sindsa\u00fadeBa, a da aprova\u00e7\u00e3o dos deputados na assembleia legislativa, a vota\u00e7\u00e3o saiu no dia 17 de setembro. \u201cEssa luta nos deixou quase desmotivados, mais ou ler mensagens de apoio no celular, nas redes sociais do sindicato, nossas diretoria n\u00e3o desmotivamos, eu e a Aladilce fomos na base do governo pedi esse empenho at\u00e9 a aprova\u00e7\u00e3o, a comunica\u00e7\u00e3o usou os twitter e card pedindo nosso aumento, ent\u00e3o quando falamos que somente juntos atrav\u00e9s desta unidade que vamos conseguir melhorar nossos direitos, acreditem essa unidade que iremos conseguir mudar nossa realidade\u201d, pontuou Ivanilda Brito, a presidente.<br \/>\nO reajuste foi publicado no Di\u00e1rio Oficial, nesta quarta-feira, 25 de setembro de 2019, onde o aumento sair\u00e1 na folha de outubro com retroativo agosto\/19.<br \/>\nS\u00e3o trabalhadores (as), que h\u00e1 4 anos sofrem com a defasagem salarial, aguardando ansiosos e apreensivos pela decis\u00e3o e pelo Di\u00e1rio Oficial (DO).<br \/>\n<a href=\"http:\/\/www.sindsaudeba.org.br\/novo\/wp-content\/uploads\/2019\/08\/PHOTO-2019-08-22-19-33-25.jpg\"><img loading=\"lazy\" class=\"size-medium wp-image-11605 aligncenter\" src=\"http:\/\/www.sindsaudeba.org.br\/novo\/wp-content\/uploads\/2019\/08\/PHOTO-2019-08-22-19-33-25-300x225.jpg\" alt=\"\" width=\"300\" height=\"225\" \/><\/a><br \/>\nO Sindsa\u00fadeBa reitera a necessidade de vigil\u00e2ncia continua. \u201cNo momento da luta tivemos uma certeza, qual o nosso papel enquanto sindicato, dire\u00e7\u00e3o e representantes da nossa categoria; n\u00e3o \u00e9 f\u00e1cil, a nossa luta est\u00e1 a cada dia mais dif\u00edcil, por isso, conclamo a todos\/as servidores p\u00fablicos da sa\u00fade do Estado da Bahia a est\u00e1 do nosso lado, para que nossas pautas sejam conquistadas atrav\u00e9s desta unidade e luta por mais direitos\u201d, desabafou a presidente Ivanilda Brito.<\/p>\n","protected":false},"excerpt":{"rendered":"<p>Uma novela. Assim foi a luta do Sindsa\u00fadeBa e entidades sindicais que representam os funcion\u00e1rios p\u00fablicos da Bahia, at\u00e9 o dia 02 de agosto, quando o governador Rui Costa assinou um acordo de reestrutura\u00e7\u00e3o da tabela de vencimento dos auxiliares e t\u00e9cnicos administrativos que t\u00eam&#8230;<\/p>\n","protected":false},"author":2,"featured_media":11730,"comment_status":"closed","ping_status":"open","sticky":false,"template":"","format":"standard","meta":[],"categories":[11,6,9],"tags":[],"amp_validity":null,"amp_enabled":true,"_links":{"self":[{"href":"https:\/\/sindsaudeba.org.br\/portal\/wp-json\/wp\/v2\/posts\/11867"}],"collection":[{"href":"https:\/\/sindsaudeba.org.br\/portal\/wp-json\/wp\/v2\/posts"}],"about":[{"href":"https:\/\/sindsaudeba.org.br\/portal\/wp-json\/wp\/v2\/types\/post"}],"author":[{"embeddable":true,"href":"https:\/\/sindsaudeba.org.br\/portal\/wp-json\/wp\/v2\/users\/2"}],"replies":[{"embeddable":true,"href":"https:\/\/sindsaudeba.org.br\/portal\/wp-json\/wp\/v2\/comments?post=11867"}],"version-history":[{"count":1,"href":"https:\/\/sindsaudeba.org.br\/portal\/wp-json\/wp\/v2\/posts\/11867\/revisions"}],"predecessor-version":[{"id":13088,"href":"https:\/\/sindsaudeba.org.br\/portal\/wp-json\/wp\/v2\/posts\/11867\/revisions\/13088"}],"wp:featuredmedia":[{"embeddable":true,"href":"https:\/\/sindsaudeba.org.br\/portal\/wp-json\/wp\/v2\/media\/11730"}],"wp:attachment":[{"href":"https:\/\/sindsaudeba.org.br\/portal\/wp-json\/wp\/v2\/media?parent=11867"}],"wp:term":[{"taxonomy":"category","embeddable":true,"href":"https:\/\/sindsaudeba.org.br\/portal\/wp-json\/wp\/v2\/categories?post=11867"},{"taxonomy":"post_tag","embeddable":true,"href":"https:\/\/sindsaudeba.org.br\/portal\/wp-json\/wp\/v2\/tags?post=11867"}],"curies":[{"name":"wp","href":"https:\/\/api.w.org\/{rel}","templated":true}]}}