{"id":1169,"date":"2013-05-10T12:34:19","date_gmt":"2013-05-10T15:34:19","guid":{"rendered":"http:\/\/www.sindsaudeba.org.br\/novo\/?p=1169"},"modified":"2019-12-13T18:00:26","modified_gmt":"2019-12-13T21:00:26","slug":"saeb-e-sesab-vao-reavaliar-pontos-divergentes-da-instrucao-normativa","status":"publish","type":"post","link":"https:\/\/sindsaudeba.org.br\/portal\/blog\/saeb-e-sesab-vao-reavaliar-pontos-divergentes-da-instrucao-normativa\/","title":{"rendered":"Saeb e Sesab v\u00e3o reavaliar pontos divergentes da instru\u00e7\u00e3o normativa"},"content":{"rendered":"<p><!--[if gte mso 9]&gt;--><\/p>\n<p>Normal<br \/>\n0<br \/>\n21<\/p>\n<p>false<br \/>\nfalse<br \/>\nfalse<\/p>\n<p>MicrosoftInternetExplorer4<\/p>\n<p><!--[if gte mso 9]&gt;--><\/p>\n<p><!--[if gte mso 10]&gt;--><\/p>\n<p> \/* Style Definitions *\/<br \/>\n table.MsoNormalTable<br \/>\n\t{mso-style-name:&#8221;Tabela normal&#8221;;<br \/>\n\tmso-tstyle-rowband-size:0;<br \/>\n\tmso-tstyle-colband-size:0;<br \/>\n\tmso-style-noshow:yes;<br \/>\n\tmso-style-parent:&#8221;&#8221;;<br \/>\n\tmso-padding-alt:0cm 5.4pt 0cm 5.4pt;<br \/>\n\tmso-para-margin:0cm;<br \/>\n\tmso-para-margin-bottom:.0001pt;<br \/>\n\tmso-pagination:widow-orphan;<br \/>\n\tfont-size:10.0pt;<br \/>\n\tfont-family:&#8221;Times New Roman&#8221;;<br \/>\n\tmso-ansi-language:#0400;<br \/>\n\tmso-fareast-language:#0400;<br \/>\n\tmso-bidi-language:#0400;}<\/p>\n<p class=\"MsoNormal\" style=\"text-align: justify\">Em reuni\u00e3o realizada com o Sindsa\u00fade, na quinta-feira (9\/5), o secret\u00e1rio da Administra\u00e7\u00e3o do Estado, Manoel Vit\u00f3rio, se comprometeu em discutir e reavaliar, junto com a Sesab, os pontos divergentes da instru\u00e7\u00e3o normativa do cart\u00e3o de ponto instalado nas unidades de sa\u00fade. A pr\u00f3xima reuni\u00e3o dever\u00e1 acontecer at\u00e9 a pr\u00f3xima quarta-feira (15).<\/p>\n<p class=\"MsoNormal\" style=\"text-align: justify\">Por enquanto, est\u00e1 mantida a decis\u00e3o acordada em assembleia de suspens\u00e3o do registro no novo sistema do ponto eletr\u00f4nico. Entre os pontos que ser\u00e3o questionados pelo sindicato est\u00e1 a situa\u00e7\u00e3o das unidades com carga hor\u00e1ria de atendimento diferenciada. Outros pontos divergentes da instru\u00e7\u00e3o dizem respeito \u00e0 garantia de acompanhamento do relat\u00f3rio di\u00e1rio e a computa\u00e7\u00e3o das horas extras.<\/p>\n","protected":false},"excerpt":{"rendered":"<p>Normal 0 21 false false false MicrosoftInternetExplorer4 \/* Style Definitions *\/ table.MsoNormalTable {mso-style-name:&#8221;Tabela normal&#8221;; mso-tstyle-rowband-size:0; mso-tstyle-colband-size:0; mso-style-noshow:yes; mso-style-parent:&#8221;&#8221;; mso-padding-alt:0cm 5.4pt 0cm 5.4pt; mso-para-margin:0cm; mso-para-margin-bottom:.0001pt; mso-pagination:widow-orphan; font-size:10.0pt; font-family:&#8221;Times New Roman&#8221;; mso-ansi-language:#0400; mso-fareast-language:#0400; mso-bidi-language:#0400;} Em reuni\u00e3o realizada com o Sindsa\u00fade, na quinta-feira (9\/5), o secret\u00e1rio da Administra\u00e7\u00e3o&#8230;<\/p>\n","protected":false},"author":2,"featured_media":1170,"comment_status":"open","ping_status":"open","sticky":false,"template":"","format":"standard","meta":[],"categories":[11],"tags":[],"amp_validity":null,"amp_enabled":true,"_links":{"self":[{"href":"https:\/\/sindsaudeba.org.br\/portal\/wp-json\/wp\/v2\/posts\/1169"}],"collection":[{"href":"https:\/\/sindsaudeba.org.br\/portal\/wp-json\/wp\/v2\/posts"}],"about":[{"href":"https:\/\/sindsaudeba.org.br\/portal\/wp-json\/wp\/v2\/types\/post"}],"author":[{"embeddable":true,"href":"https:\/\/sindsaudeba.org.br\/portal\/wp-json\/wp\/v2\/users\/2"}],"replies":[{"embeddable":true,"href":"https:\/\/sindsaudeba.org.br\/portal\/wp-json\/wp\/v2\/comments?post=1169"}],"version-history":[{"count":1,"href":"https:\/\/sindsaudeba.org.br\/portal\/wp-json\/wp\/v2\/posts\/1169\/revisions"}],"predecessor-version":[{"id":14529,"href":"https:\/\/sindsaudeba.org.br\/portal\/wp-json\/wp\/v2\/posts\/1169\/revisions\/14529"}],"wp:featuredmedia":[{"embeddable":true,"href":"https:\/\/sindsaudeba.org.br\/portal\/wp-json\/wp\/v2\/media\/1170"}],"wp:attachment":[{"href":"https:\/\/sindsaudeba.org.br\/portal\/wp-json\/wp\/v2\/media?parent=1169"}],"wp:term":[{"taxonomy":"category","embeddable":true,"href":"https:\/\/sindsaudeba.org.br\/portal\/wp-json\/wp\/v2\/categories?post=1169"},{"taxonomy":"post_tag","embeddable":true,"href":"https:\/\/sindsaudeba.org.br\/portal\/wp-json\/wp\/v2\/tags?post=1169"}],"curies":[{"name":"wp","href":"https:\/\/api.w.org\/{rel}","templated":true}]}}