{"id":1156,"date":"2013-05-08T12:42:38","date_gmt":"2013-05-08T15:42:38","guid":{"rendered":"http:\/\/www.sindsaudeba.org.br\/novo\/?p=1156"},"modified":"2019-12-13T18:00:26","modified_gmt":"2019-12-13T21:00:26","slug":"sindsaude-debate-saude-do-trabalhador-em-evento-da-renastba","status":"publish","type":"post","link":"https:\/\/sindsaudeba.org.br\/portal\/blog\/sindsaude-debate-saude-do-trabalhador-em-evento-da-renastba\/","title":{"rendered":"Sindsa\u00fade debate sa\u00fade do trabalhador em evento da RENAST\/BA"},"content":{"rendered":"<p><!--[if gte mso 9]&gt;--><\/p>\n<p>  Normal<br \/>\n  0<br \/>\n  21<\/p>\n<p>  false<br \/>\n  false<br \/>\n  false<\/p>\n<p>  MicrosoftInternetExplorer4<\/p>\n<p><!--[if gte mso 9]&gt;--><\/p>\n<p><!--[if gte mso 10]&gt;--><\/p>\n<p> \/* Style Definitions *\/<br \/>\n table.MsoNormalTable<br \/>\n\t{mso-style-name:&#8221;Tabela normal&#8221;;<br \/>\n\tmso-tstyle-rowband-size:0;<br \/>\n\tmso-tstyle-colband-size:0;<br \/>\n\tmso-style-noshow:yes;<br \/>\n\tmso-style-parent:&#8221;&#8221;;<br \/>\n\tmso-padding-alt:0cm 5.4pt 0cm 5.4pt;<br \/>\n\tmso-para-margin:0cm;<br \/>\n\tmso-para-margin-bottom:.0001pt;<br \/>\n\tmso-pagination:widow-orphan;<br \/>\n\tfont-size:10.0pt;<br \/>\n\tfont-family:&#8221;Times New Roman&#8221;;<br \/>\n\tmso-ansi-language:#0400;<br \/>\n\tmso-fareast-language:#0400;<br \/>\n\tmso-bidi-language:#0400;}<\/p>\n<p class=\"MsoNormal\" style=\"text-align: justify\">A diretoria do Sindsa\u00fade-Ba participou nos dias 6 e 7 de maio do 2\u00ba Encontro e 9\u00ba Semin\u00e1rio da RENAST\/BA, realizados pela Diretoria de Vigil\u00e2ncia e Aten\u00e7\u00e3o \u00e0 Sa\u00fade do Trabalhador (DIVAST), atrav\u00e9s da Coordena\u00e7\u00e3o de Gest\u00e3o da Rede de Sa\u00fade do Trabalhador.<\/p>\n<p class=\"MsoNormal\" style=\"text-align: justify\">Diretor do Sindsa\u00fade e membro da Comiss\u00e3o Intersetorial de Sa\u00fade do Trabalhador (CIST), Silvio Roberto dos Anjos e Silva, esteve presente no encontro que teve o objetivo de fortalecer o processo de planejamento integrado das a\u00e7\u00f5es de Sa\u00fade do Trabalhador nos \u00e2mbitos municipal, regional e estadual.<span>\u00a0 <\/span><\/p>\n<p class=\"MsoNormal\" style=\"text-align: justify\">O evento contou com a participa\u00e7\u00e3o de diversos profissionais representando a Bahia e o Minist\u00e9rio da Sa\u00fade, que debateram temas como a \u201cA Agenda Estrat\u00e9gica em Sa\u00fade do Trabalhador da DIVAST\u201d e \u201cPensando as redes de aten\u00e7\u00e3o \u00e0 sa\u00fade no SUS\u201d.<span>\u00a0\u00a0 <\/span><span>\u00a0<\/span><\/p>\n","protected":false},"excerpt":{"rendered":"<p>Normal 0 21 false false false MicrosoftInternetExplorer4 \/* Style Definitions *\/ table.MsoNormalTable {mso-style-name:&#8221;Tabela normal&#8221;; mso-tstyle-rowband-size:0; mso-tstyle-colband-size:0; mso-style-noshow:yes; mso-style-parent:&#8221;&#8221;; mso-padding-alt:0cm 5.4pt 0cm 5.4pt; mso-para-margin:0cm; mso-para-margin-bottom:.0001pt; mso-pagination:widow-orphan; font-size:10.0pt; font-family:&#8221;Times New Roman&#8221;; mso-ansi-language:#0400; mso-fareast-language:#0400; mso-bidi-language:#0400;} A diretoria do Sindsa\u00fade-Ba participou nos dias 6 e 7 de maio do&#8230;<\/p>\n","protected":false},"author":2,"featured_media":1159,"comment_status":"open","ping_status":"open","sticky":false,"template":"","format":"standard","meta":[],"categories":[8],"tags":[],"amp_validity":null,"amp_enabled":true,"_links":{"self":[{"href":"https:\/\/sindsaudeba.org.br\/portal\/wp-json\/wp\/v2\/posts\/1156"}],"collection":[{"href":"https:\/\/sindsaudeba.org.br\/portal\/wp-json\/wp\/v2\/posts"}],"about":[{"href":"https:\/\/sindsaudeba.org.br\/portal\/wp-json\/wp\/v2\/types\/post"}],"author":[{"embeddable":true,"href":"https:\/\/sindsaudeba.org.br\/portal\/wp-json\/wp\/v2\/users\/2"}],"replies":[{"embeddable":true,"href":"https:\/\/sindsaudeba.org.br\/portal\/wp-json\/wp\/v2\/comments?post=1156"}],"version-history":[{"count":1,"href":"https:\/\/sindsaudeba.org.br\/portal\/wp-json\/wp\/v2\/posts\/1156\/revisions"}],"predecessor-version":[{"id":14531,"href":"https:\/\/sindsaudeba.org.br\/portal\/wp-json\/wp\/v2\/posts\/1156\/revisions\/14531"}],"wp:featuredmedia":[{"embeddable":true,"href":"https:\/\/sindsaudeba.org.br\/portal\/wp-json\/wp\/v2\/media\/1159"}],"wp:attachment":[{"href":"https:\/\/sindsaudeba.org.br\/portal\/wp-json\/wp\/v2\/media?parent=1156"}],"wp:term":[{"taxonomy":"category","embeddable":true,"href":"https:\/\/sindsaudeba.org.br\/portal\/wp-json\/wp\/v2\/categories?post=1156"},{"taxonomy":"post_tag","embeddable":true,"href":"https:\/\/sindsaudeba.org.br\/portal\/wp-json\/wp\/v2\/tags?post=1156"}],"curies":[{"name":"wp","href":"https:\/\/api.w.org\/{rel}","templated":true}]}}