{"id":1146,"date":"2013-05-07T10:31:50","date_gmt":"2013-05-07T13:31:50","guid":{"rendered":"http:\/\/www.sindsaudeba.org.br\/novo\/?p=1146"},"modified":"2019-12-13T18:00:26","modified_gmt":"2019-12-13T21:00:26","slug":"sindsaude-se-reune-com-secretario-manoel-vitorio-para-discutir-instrucao-normativa-do-cartao-de-ponto","status":"publish","type":"post","link":"https:\/\/sindsaudeba.org.br\/portal\/blog\/sindsaude-se-reune-com-secretario-manoel-vitorio-para-discutir-instrucao-normativa-do-cartao-de-ponto\/","title":{"rendered":"Sindsa\u00fade se re\u00fane com secret\u00e1rio Manoel Vit\u00f3rio  para discutir instru\u00e7\u00e3o normativa"},"content":{"rendered":"<p><!--[if gte mso 9]&gt;--><\/p>\n<p>Normal<br \/>\n0<br \/>\n21<\/p>\n<p>false<br \/>\nfalse<br \/>\nfalse<\/p>\n<p>MicrosoftInternetExplorer4<\/p>\n<p><!--[if gte mso 9]&gt;--><\/p>\n<p><!--[if gte mso 10]&gt;--><\/p>\n<p> \/* Style Definitions *\/<br \/>\n table.MsoNormalTable<br \/>\n\t{mso-style-name:&#8221;Tabela normal&#8221;;<br \/>\n\tmso-tstyle-rowband-size:0;<br \/>\n\tmso-tstyle-colband-size:0;<br \/>\n\tmso-style-noshow:yes;<br \/>\n\tmso-style-parent:&#8221;&#8221;;<br \/>\n\tmso-padding-alt:0cm 5.4pt 0cm 5.4pt;<br \/>\n\tmso-para-margin:0cm;<br \/>\n\tmso-para-margin-bottom:.0001pt;<br \/>\n\tmso-pagination:widow-orphan;<br \/>\n\tfont-size:10.0pt;<br \/>\n\tfont-family:&#8221;Times New Roman&#8221;;<br \/>\n\tmso-ansi-language:#0400;<br \/>\n\tmso-fareast-language:#0400;<br \/>\n\tmso-bidi-language:#0400;}<\/p>\n<p style=\"text-align: justify\"><span style=\"font-family: Arial\"><a href=\"http:\/\/www.sindsaudeba.org.br\/novo\/wp-content\/uploads\/2013\/05\/charge1032.jpg\"><img loading=\"lazy\" class=\"size-medium wp-image-1166 alignleft\" title=\"charge103\" src=\"http:\/\/www.sindsaudeba.org.br\/novo\/wp-content\/uploads\/2013\/05\/charge1032-300x218.jpg\" alt=\"\" width=\"300\" height=\"218\" \/><\/a>Nesta quinta-feira (9\/5), a diretoria do Sindsa\u00fade-Ba se re\u00fane com o secret\u00e1rio da Administra\u00e7\u00e3o, Manoel Vit\u00f3rio, para discutir a instru\u00e7\u00e3o normativa do cart\u00e3o de ponto eletr\u00f4nico das unidades de sa\u00fade. A reuni\u00e3o ser\u00e1 realizada na sede da Saeb, \u00e0s 16h. <\/span><\/p>\n<p style=\"text-align: justify\"><span style=\"font-family: Arial\">Os servidores suspenderam o registro de freq\u00fc\u00eancia no novo sistema at\u00e9 que o \u00f3rg\u00e3o fa\u00e7a um debate nas unidades para esclarecer as principais d\u00favidas sobre as novas regras do ponto eletr\u00f4nico. <\/span>A categoria quer discutir as especificidades de trabalho, como a necessidade de flexibiliza\u00e7\u00e3o para o cumprimento da carga hor\u00e1ria semanal.<\/p>\n","protected":false},"excerpt":{"rendered":"<p>Normal 0 21 false false false MicrosoftInternetExplorer4 \/* Style Definitions *\/ table.MsoNormalTable {mso-style-name:&#8221;Tabela normal&#8221;; mso-tstyle-rowband-size:0; mso-tstyle-colband-size:0; mso-style-noshow:yes; mso-style-parent:&#8221;&#8221;; mso-padding-alt:0cm 5.4pt 0cm 5.4pt; mso-para-margin:0cm; mso-para-margin-bottom:.0001pt; mso-pagination:widow-orphan; font-size:10.0pt; font-family:&#8221;Times New Roman&#8221;; mso-ansi-language:#0400; mso-fareast-language:#0400; mso-bidi-language:#0400;} Nesta quinta-feira (9\/5), a diretoria do Sindsa\u00fade-Ba se re\u00fane com o secret\u00e1rio da&#8230;<\/p>\n","protected":false},"author":2,"featured_media":1153,"comment_status":"open","ping_status":"open","sticky":false,"template":"","format":"standard","meta":[],"categories":[11],"tags":[],"amp_validity":null,"amp_enabled":true,"_links":{"self":[{"href":"https:\/\/sindsaudeba.org.br\/portal\/wp-json\/wp\/v2\/posts\/1146"}],"collection":[{"href":"https:\/\/sindsaudeba.org.br\/portal\/wp-json\/wp\/v2\/posts"}],"about":[{"href":"https:\/\/sindsaudeba.org.br\/portal\/wp-json\/wp\/v2\/types\/post"}],"author":[{"embeddable":true,"href":"https:\/\/sindsaudeba.org.br\/portal\/wp-json\/wp\/v2\/users\/2"}],"replies":[{"embeddable":true,"href":"https:\/\/sindsaudeba.org.br\/portal\/wp-json\/wp\/v2\/comments?post=1146"}],"version-history":[{"count":1,"href":"https:\/\/sindsaudeba.org.br\/portal\/wp-json\/wp\/v2\/posts\/1146\/revisions"}],"predecessor-version":[{"id":14532,"href":"https:\/\/sindsaudeba.org.br\/portal\/wp-json\/wp\/v2\/posts\/1146\/revisions\/14532"}],"wp:featuredmedia":[{"embeddable":true,"href":"https:\/\/sindsaudeba.org.br\/portal\/wp-json\/wp\/v2\/media\/1153"}],"wp:attachment":[{"href":"https:\/\/sindsaudeba.org.br\/portal\/wp-json\/wp\/v2\/media?parent=1146"}],"wp:term":[{"taxonomy":"category","embeddable":true,"href":"https:\/\/sindsaudeba.org.br\/portal\/wp-json\/wp\/v2\/categories?post=1146"},{"taxonomy":"post_tag","embeddable":true,"href":"https:\/\/sindsaudeba.org.br\/portal\/wp-json\/wp\/v2\/tags?post=1146"}],"curies":[{"name":"wp","href":"https:\/\/api.w.org\/{rel}","templated":true}]}}