{"id":1079,"date":"2013-04-22T09:26:20","date_gmt":"2013-04-22T12:26:20","guid":{"rendered":"http:\/\/www.sindsaudeba.org.br\/novo\/?p=1079"},"modified":"2019-12-13T18:00:27","modified_gmt":"2019-12-13T21:00:27","slug":"sindsaude-ba-e-servidores-debatem-pccv-e-indice-de-reajuste-para-2013-em-amelia-rodrigues","status":"publish","type":"post","link":"https:\/\/sindsaudeba.org.br\/portal\/blog\/sindsaude-ba-e-servidores-debatem-pccv-e-indice-de-reajuste-para-2013-em-amelia-rodrigues\/","title":{"rendered":"Sindsa\u00fade-Ba e servidores debatem PCCV e \u00edndice  de reajuste para 2013 em Am\u00e9lia Rodrigues"},"content":{"rendered":"<p><!--[if gte mso 9]&gt;--><\/p>\n<p>  Normal<br \/>\n  0<br \/>\n  21<\/p>\n<p>  false<br \/>\n  false<br \/>\n  false<\/p>\n<p>  MicrosoftInternetExplorer4<\/p>\n<p><!--[if gte mso 9]&gt;--><\/p>\n<p><!--[if gte mso 10]&gt;--><\/p>\n<p> \/* Style Definitions *\/<br \/>\n table.MsoNormalTable<br \/>\n\t{mso-style-name:&#8221;Tabela normal&#8221;;<br \/>\n\tmso-tstyle-rowband-size:0;<br \/>\n\tmso-tstyle-colband-size:0;<br \/>\n\tmso-style-noshow:yes;<br \/>\n\tmso-style-parent:&#8221;&#8221;;<br \/>\n\tmso-padding-alt:0cm 5.4pt 0cm 5.4pt;<br \/>\n\tmso-para-margin:0cm;<br \/>\n\tmso-para-margin-bottom:.0001pt;<br \/>\n\tmso-pagination:widow-orphan;<br \/>\n\tfont-size:10.0pt;<br \/>\n\tfont-family:&#8221;Times New Roman&#8221;;<br \/>\n\tmso-ansi-language:#0400;<br \/>\n\tmso-fareast-language:#0400;<br \/>\n\tmso-bidi-language:#0400;}<\/p>\n<p>Em reuni\u00e3o da Mesa de Negocia\u00e7\u00e3o da Sa\u00fade, no munic\u00edpio de Am\u00e9lia Rodrigues, o Sindsa\u00fade-Ba,junto com representa\u00e7\u00e3o dos servidores da sa\u00fade, cobrou a implanta\u00e7\u00e3o do PCCV com as altera\u00e7\u00f5es discutidas em 2012. O sindicato pediu o envio de novo projeto de lei com as altera\u00e7\u00f5es, respeitando a data base em janeiro de 2013. O encontro aconteceu na \u00faltima segunda-feira (15\/04), na c\u00e2mara de vereadores da cidade.<br \/>\nParticiparam da reuni\u00e3o, a vice-presidente do Sindsa\u00fade, Tereza Deir\u00f3, a secret\u00e1ria da sa\u00fade de Am\u00e9lia Rodrigues, Maria das Gra\u00e7as Passos, o subprocurador do munic\u00edpio, Geraldo Sampaio, o secret\u00e1rio da Fazenda, Welington Santa B\u00e1rbara Franco, al\u00e9m de representantes dos trabalhadores em particular dos agentes comunit\u00e1rios de sa\u00fade e de endemias. Ap\u00f3s questionamentos, o subprocurador esclareceu quest\u00f5es do PCCV e altera\u00e7\u00e3o da Lei que apenas prev\u00ea a inclus\u00e3o de duas novas categorias, incluindo os agentes de endemias, mas n\u00e3o consta de detalhamento e tabelas nos seus anexos.<br \/>\nA vice-presidente do sindicato, Tereza Deir\u00f3, abordou quest\u00f5es do PCCV lembrando atrasos e alertando que discuss\u00f5es deveriam ter sido retomadas desde outubro de 2012, ap\u00f3s as elei\u00e7\u00f5es. Foi discutido um \u00edndice de reajuste com retroativo a janeiro ou ainda que se aplicasse um \u00edndice maior, j\u00e1 com vistas a um percentual para equipara\u00e7\u00e3o salarial dos servidores agentes de endemias com agentes comunit\u00e1rios. O Secret\u00e1rio da fazenda ficou de analisar proposta de um \u00edndice por volta de 14%.<br \/>\nTereza Deir\u00f3 considerou que essa equipara\u00e7\u00e3o \u00e9 justa e valorizar\u00e1 por igual os trabalhadores. A vice-presidente do Sindsa\u00fade tamb\u00e9m esclareceu que o munic\u00edpio dever\u00e1 ter um PCCV \u00fanico para os servidores da sa\u00fade o que trar\u00e1 o fortalecimento do SUS e a gest\u00e3o municipal \u2013 O Sindsaude\u2013Ba acompanhar\u00e1 e lutar\u00e1 para garantir a carreira e os direitos dos trabalhadores.<br \/>\nO sindicato protocolou documento \u00e0 Procuradoria do munic\u00edpio, solicitando a atualiza\u00e7\u00e3o das tabelas de vencimentos e outras mudan\u00e7as no PCCV com o objetivo de valorizar todos os trabalhadores da sa\u00fade, a fim de buscar equipara\u00e7\u00e3o salarial dos agentes de endemias que h\u00e1 anos percebem sal\u00e1rios mais baixos do que os seus colegas que exercem fun\u00e7\u00f5es semelhantes.<br \/>\nFoi constatado que as tabelas apresentam erros que prejudicaria todos os trabalhadores no que diz respeito a progress\u00e3o e promo\u00e7\u00e3o. Tereza Deir\u00f3 ressaltou que a proposta de altera\u00e7\u00e3o dever\u00e1 passar por nova an\u00e1lise e corre\u00e7\u00f5es, com urg\u00eancia, para que seja novamente encaminhada ao executivo e \u00e0 c\u00e2mara de vereadores para vota\u00e7\u00e3o. Nova reuni\u00e3o ficou agendada para 30 de abril. Foi aprovado tamb\u00e9m um cronograma para o andamento e finaliza\u00e7\u00e3o das quest\u00f5es do PCCV.<\/p>\n","protected":false},"excerpt":{"rendered":"<p>Normal 0 21 false false false MicrosoftInternetExplorer4 \/* Style Definitions *\/ table.MsoNormalTable {mso-style-name:&#8221;Tabela normal&#8221;; mso-tstyle-rowband-size:0; mso-tstyle-colband-size:0; mso-style-noshow:yes; mso-style-parent:&#8221;&#8221;; mso-padding-alt:0cm 5.4pt 0cm 5.4pt; mso-para-margin:0cm; mso-para-margin-bottom:.0001pt; mso-pagination:widow-orphan; font-size:10.0pt; font-family:&#8221;Times New Roman&#8221;; mso-ansi-language:#0400; mso-fareast-language:#0400; mso-bidi-language:#0400;} Em reuni\u00e3o da Mesa de Negocia\u00e7\u00e3o da Sa\u00fade, no munic\u00edpio de Am\u00e9lia Rodrigues,&#8230;<\/p>\n","protected":false},"author":2,"featured_media":1080,"comment_status":"open","ping_status":"open","sticky":false,"template":"","format":"standard","meta":[],"categories":[8],"tags":[],"amp_validity":null,"amp_enabled":true,"_links":{"self":[{"href":"https:\/\/sindsaudeba.org.br\/portal\/wp-json\/wp\/v2\/posts\/1079"}],"collection":[{"href":"https:\/\/sindsaudeba.org.br\/portal\/wp-json\/wp\/v2\/posts"}],"about":[{"href":"https:\/\/sindsaudeba.org.br\/portal\/wp-json\/wp\/v2\/types\/post"}],"author":[{"embeddable":true,"href":"https:\/\/sindsaudeba.org.br\/portal\/wp-json\/wp\/v2\/users\/2"}],"replies":[{"embeddable":true,"href":"https:\/\/sindsaudeba.org.br\/portal\/wp-json\/wp\/v2\/comments?post=1079"}],"version-history":[{"count":1,"href":"https:\/\/sindsaudeba.org.br\/portal\/wp-json\/wp\/v2\/posts\/1079\/revisions"}],"predecessor-version":[{"id":14542,"href":"https:\/\/sindsaudeba.org.br\/portal\/wp-json\/wp\/v2\/posts\/1079\/revisions\/14542"}],"wp:featuredmedia":[{"embeddable":true,"href":"https:\/\/sindsaudeba.org.br\/portal\/wp-json\/wp\/v2\/media\/1080"}],"wp:attachment":[{"href":"https:\/\/sindsaudeba.org.br\/portal\/wp-json\/wp\/v2\/media?parent=1079"}],"wp:term":[{"taxonomy":"category","embeddable":true,"href":"https:\/\/sindsaudeba.org.br\/portal\/wp-json\/wp\/v2\/categories?post=1079"},{"taxonomy":"post_tag","embeddable":true,"href":"https:\/\/sindsaudeba.org.br\/portal\/wp-json\/wp\/v2\/tags?post=1079"}],"curies":[{"name":"wp","href":"https:\/\/api.w.org\/{rel}","templated":true}]}}